{"id":93,"date":"2013-09-06T18:50:50","date_gmt":"2013-09-06T18:50:50","guid":{"rendered":"http:\/\/localhost:8888\/wordpress\/?p=93"},"modified":"2015-03-30T20:56:34","modified_gmt":"2015-03-30T20:56:34","slug":"jorge-gonzalez-dear-patagonia","status":"publish","type":"post","link":"https:\/\/heidesch.de\/blog\/?p=93","title":{"rendered":"Comic &#8211; Dear Patagonia von Jorge Gonz\u00e1lez"},"content":{"rendered":"<p>Das Comic\u00a0<strong>Dear Patagonia<\/strong>\u00a0von <strong>Jorge Gonz\u00e1lez\u00a0<\/strong>war meine letzte Entdeckung. Gemacht im \u00e4usserst gem\u00fctlichen Leseraum des Br\u00fcsseler Comicmuseums.<\/p>\n<p>Zu Jorge Gonz\u00e1lez&#8217; <a title=\"Weblog von Jorge Gonz\u00e1lez\" href=\"http:\/\/jfgv.blogspot.com.es\/\" target=\"_blank\">Weblog<\/a> und <a title=\"Website von Jorge Gonz\u00e1lez\" href=\"http:\/\/www.jorgeilustra.com\/\" target=\"_blank\">Website<\/a>.<br \/>\nZum <a title=\"Belgian Comic Strip Center\" href=\"http:\/\/www.comicscenter.net\/en\/home\" target=\"_blank\">Belgischen Comic Zentrum<\/a>.<\/p>\n","protected":false},"excerpt":{"rendered":"<p>Das Comic\u00a0Dear Patagonia\u00a0von Jorge Gonz\u00e1lez\u00a0war meine letzte Entdeckung. Gemacht im \u00e4usserst gem\u00fctlichen Leseraum des Br\u00fcsseler Comicmuseums. Zu Jorge Gonz\u00e1lez&#8217; Weblog und Website. Zum Belgischen Comic Zentrum.<\/p>\n","protected":false},"author":2,"featured_media":0,"comment_status":"closed","ping_status":"closed","sticky":false,"template":"","format":"standard","meta":{"footnotes":""},"categories":[4],"tags":[28,37,40,76,77,105,1247,210],"class_list":["post-93","post","type-post","status-publish","format-standard","hentry","category-tipp","tag-belgien","tag-brussel","tag-comic","tag-grafik","tag-graphic-novel","tag-kunst","tag-spanisch","tag-zeichnung"],"_links":{"self":[{"href":"https:\/\/heidesch.de\/blog\/index.php?rest_route=\/wp\/v2\/posts\/93","targetHints":{"allow":["GET"]}}],"collection":[{"href":"https:\/\/heidesch.de\/blog\/index.php?rest_route=\/wp\/v2\/posts"}],"about":[{"href":"https:\/\/heidesch.de\/blog\/index.php?rest_route=\/wp\/v2\/types\/post"}],"author":[{"embeddable":true,"href":"https:\/\/heidesch.de\/blog\/index.php?rest_route=\/wp\/v2\/users\/2"}],"replies":[{"embeddable":true,"href":"https:\/\/heidesch.de\/blog\/index.php?rest_route=%2Fwp%2Fv2%2Fcomments&post=93"}],"version-history":[{"count":3,"href":"https:\/\/heidesch.de\/blog\/index.php?rest_route=\/wp\/v2\/posts\/93\/revisions"}],"predecessor-version":[{"id":2730,"href":"https:\/\/heidesch.de\/blog\/index.php?rest_route=\/wp\/v2\/posts\/93\/revisions\/2730"}],"wp:attachment":[{"href":"https:\/\/heidesch.de\/blog\/index.php?rest_route=%2Fwp%2Fv2%2Fmedia&parent=93"}],"wp:term":[{"taxonomy":"category","embeddable":true,"href":"https:\/\/heidesch.de\/blog\/index.php?rest_route=%2Fwp%2Fv2%2Fcategories&post=93"},{"taxonomy":"post_tag","embeddable":true,"href":"https:\/\/heidesch.de\/blog\/index.php?rest_route=%2Fwp%2Fv2%2Ftags&post=93"}],"curies":[{"name":"wp","href":"https:\/\/api.w.org\/{rel}","templated":true}]}}