{"id":909,"date":"2013-12-15T00:28:02","date_gmt":"2013-12-15T00:28:02","guid":{"rendered":"http:\/\/heidesch.de\/blog\/?p=909"},"modified":"2015-03-30T20:53:39","modified_gmt":"2015-03-30T20:53:39","slug":"coctaca-und-uquia-sonne-lacht-kraftig","status":"publish","type":"post","link":"https:\/\/heidesch.de\/blog\/?p=909","title":{"rendered":"Coctaca und Uqu\u00eda \u2013 Pickup, Kakteen und Schlucht"},"content":{"rendered":"<p>Auf der Ladefl\u00e4che eines Pickups mit sechs Erwachsenen, vier Kindern, zwei Hunden und einer Menge Eink\u00e4ufe auf nach <strong>Coctaca<\/strong> heute. Love it! In der N\u00e4he des Dorfes gibt es &#8220;<strong>ruinas<\/strong> de los andenes de cultivo, que datan del periodo Preincaico.&#8221; Ob ich die gesehen habe oder Mauern die gezogen wurden, um die Esel von Feldern abzuhalten, wei\u00df ich nicht. Die Kakteen in der Umgebung waren der Hit. Auf der Wanderung zur\u00fcck nach Humahuaca lachte die Sonne kr\u00e4ftig. An den Essenst\u00e4nden in Humahuaca gab es\u00a0<strong>Locro<\/strong>, einen breiigen Mais-Bohnen-Eintopf und <strong>Tamal<\/strong>, gef\u00fcllte Maisb\u00e4llchen mit Maisbl\u00e4ttern umwickelt. \u00a1Que Aproveche!<\/p>\n<p>Die zweite Wanderung f\u00fchrte von <strong>Uqu\u00eda<\/strong> in die Berge: zur Schlucht der Frauen \u2013 Quebrada de las Se\u00f1oritas.<\/p>\n<p>Einpaar Impressionen des heutigen Tages. Have fun.<\/p>\n<p><img decoding=\"async\" class=\"ngg_displayed_gallery mceItem\" alt=\"\" src=\"http:\/\/heidesch.de\/blog\/index.php\/nextgen-attach_to_post\/preview\/id--911\" \/><\/p>\n<p>Zugabe: auf dem Weg von Coctaca nach Humahuaca kam ich am Friedhof vorbei und \u00fcberlegte mir, was auf meinem Grabstein stehen k\u00f6nnte. Der aktuellen, l\u00e4ssigen Wandersituation geschuldet entschied ich mich heute vormittag f\u00fcr so etwas wie:<\/p>\n<p><em>Hier liegt sie nun. Na klar, die Bummlerin.<\/em> oder<br \/>\n<em>Liegen. Ja, das mochte sie immer.<\/em><\/p>\n","protected":false},"excerpt":{"rendered":"<p>Auf der Ladefl\u00e4che eines Pickups mit sechs Erwachsenen, vier Kindern, zwei Hunden und einer Menge Eink\u00e4ufe auf nach Coctaca heute. Love it! In der N\u00e4he des Dorfes gibt es &#8220;ruinas de los andenes de cultivo, que datan del periodo Preincaico.&#8221; Ob ich die gesehen habe oder Mauern die gezogen wurden, um die Esel von Feldern [&hellip;]<\/p>\n","protected":false},"author":2,"featured_media":0,"comment_status":"closed","ping_status":"closed","sticky":false,"template":"","format":"standard","meta":{"footnotes":""},"categories":[2],"tags":[313,330,332,331,326,333,329,327,334,328],"class_list":["post-909","post","type-post","status-publish","format-standard","hentry","category-reise","tag-argentinien","tag-berge","tag-bus","tag-gebirge","tag-kaktus","tag-locro","tag-natur","tag-schlucht","tag-tamal","tag-wandern"],"_links":{"self":[{"href":"https:\/\/heidesch.de\/blog\/index.php?rest_route=\/wp\/v2\/posts\/909","targetHints":{"allow":["GET"]}}],"collection":[{"href":"https:\/\/heidesch.de\/blog\/index.php?rest_route=\/wp\/v2\/posts"}],"about":[{"href":"https:\/\/heidesch.de\/blog\/index.php?rest_route=\/wp\/v2\/types\/post"}],"author":[{"embeddable":true,"href":"https:\/\/heidesch.de\/blog\/index.php?rest_route=\/wp\/v2\/users\/2"}],"replies":[{"embeddable":true,"href":"https:\/\/heidesch.de\/blog\/index.php?rest_route=%2Fwp%2Fv2%2Fcomments&post=909"}],"version-history":[{"count":10,"href":"https:\/\/heidesch.de\/blog\/index.php?rest_route=\/wp\/v2\/posts\/909\/revisions"}],"predecessor-version":[{"id":920,"href":"https:\/\/heidesch.de\/blog\/index.php?rest_route=\/wp\/v2\/posts\/909\/revisions\/920"}],"wp:attachment":[{"href":"https:\/\/heidesch.de\/blog\/index.php?rest_route=%2Fwp%2Fv2%2Fmedia&parent=909"}],"wp:term":[{"taxonomy":"category","embeddable":true,"href":"https:\/\/heidesch.de\/blog\/index.php?rest_route=%2Fwp%2Fv2%2Fcategories&post=909"},{"taxonomy":"post_tag","embeddable":true,"href":"https:\/\/heidesch.de\/blog\/index.php?rest_route=%2Fwp%2Fv2%2Ftags&post=909"}],"curies":[{"name":"wp","href":"https:\/\/api.w.org\/{rel}","templated":true}]}}