{"id":756,"date":"2013-11-08T20:37:40","date_gmt":"2013-11-08T20:37:40","guid":{"rendered":"http:\/\/heidesch.de\/blog\/?p=756"},"modified":"2015-03-30T20:54:19","modified_gmt":"2015-03-30T20:54:19","slug":"das-schmuckstuck-von-francois-ozon-mit-catherine-deneuve","status":"publish","type":"post","link":"https:\/\/heidesch.de\/blog\/?p=756","title":{"rendered":"Film &#8211; Das Schmuckst\u00fcck mit Catherine Deneuve"},"content":{"rendered":"<p>In diesem franz\u00f6sischen Film \u00fcberwindet die Dame des Hauses ihre dekorative Funktion der Ehe-, Hausfrau und Mutter und findet ihren Weg in die Politik. Unter anderem wegen der dekorativen Filmausstattung, wegen des eleganten Tragens feinster Jogginganz\u00fcge, wegen der Chuzpe der weiblichen Filmfigur (Catherine Deneuve als\u00a0Suzanne Pujol)\u00a0und wegen der Gesangseinlage in der Schlussszene mag ich diesen Film sehr.<\/p>\n<p><a title=\"Potiche - official website (french)\" href=\"http:\/\/www.potichelefilm.fr\" target=\"_blank\">Potiche<\/a>\u00a0von\u00a0Fran\u00e7ois Ozon\u00a0mit\u00a0Catherine Deneuve und G\u00e9rard Depardieu, 2010<\/p>\n","protected":false},"excerpt":{"rendered":"<p>In diesem franz\u00f6sischen Film \u00fcberwindet die Dame des Hauses ihre dekorative Funktion der Ehe-, Hausfrau und Mutter und findet ihren Weg in die Politik. Unter anderem wegen der dekorativen Filmausstattung, wegen des eleganten Tragens feinster Jogginganz\u00fcge, wegen der Chuzpe der weiblichen Filmfigur (Catherine Deneuve als\u00a0Suzanne Pujol)\u00a0und wegen der Gesangseinlage in der Schlussszene mag ich diesen [&hellip;]<\/p>\n","protected":false},"author":2,"featured_media":0,"comment_status":"closed","ping_status":"closed","sticky":false,"template":"","format":"standard","meta":{"footnotes":""},"categories":[4],"tags":[271,272,273,268,269,131,270,274],"class_list":["post-756","post","type-post","status-publish","format-standard","hentry","category-tipp","tag-chanson","tag-courage","tag-familie","tag-film","tag-frankreich","tag-politik","tag-trainingsanzug","tag-wirtschaft"],"_links":{"self":[{"href":"https:\/\/heidesch.de\/blog\/index.php?rest_route=\/wp\/v2\/posts\/756","targetHints":{"allow":["GET"]}}],"collection":[{"href":"https:\/\/heidesch.de\/blog\/index.php?rest_route=\/wp\/v2\/posts"}],"about":[{"href":"https:\/\/heidesch.de\/blog\/index.php?rest_route=\/wp\/v2\/types\/post"}],"author":[{"embeddable":true,"href":"https:\/\/heidesch.de\/blog\/index.php?rest_route=\/wp\/v2\/users\/2"}],"replies":[{"embeddable":true,"href":"https:\/\/heidesch.de\/blog\/index.php?rest_route=%2Fwp%2Fv2%2Fcomments&post=756"}],"version-history":[{"count":8,"href":"https:\/\/heidesch.de\/blog\/index.php?rest_route=\/wp\/v2\/posts\/756\/revisions"}],"predecessor-version":[{"id":2713,"href":"https:\/\/heidesch.de\/blog\/index.php?rest_route=\/wp\/v2\/posts\/756\/revisions\/2713"}],"wp:attachment":[{"href":"https:\/\/heidesch.de\/blog\/index.php?rest_route=%2Fwp%2Fv2%2Fmedia&parent=756"}],"wp:term":[{"taxonomy":"category","embeddable":true,"href":"https:\/\/heidesch.de\/blog\/index.php?rest_route=%2Fwp%2Fv2%2Fcategories&post=756"},{"taxonomy":"post_tag","embeddable":true,"href":"https:\/\/heidesch.de\/blog\/index.php?rest_route=%2Fwp%2Fv2%2Ftags&post=756"}],"curies":[{"name":"wp","href":"https:\/\/api.w.org\/{rel}","templated":true}]}}