{"id":736,"date":"2013-11-05T19:27:57","date_gmt":"2013-11-05T19:27:57","guid":{"rendered":"http:\/\/heidesch.de\/blog\/?p=736"},"modified":"2015-03-30T20:54:45","modified_gmt":"2015-03-30T20:54:45","slug":"madrid-ein-tag-im-prado","status":"publish","type":"post","link":"https:\/\/heidesch.de\/blog\/?p=736","title":{"rendered":"Madrid \u2013 Ein Tag im Prado"},"content":{"rendered":"<p>Die Zeit im <a title=\"Museo del Prado\" href=\"http:\/\/www.museodelprado.es\/\" target=\"_blank\">Museo del Prado<\/a> ist gestern vormittag wie im Flug vergangen. Am Ende blieb ich dort\u00a0bis zur D\u00e4mmerung und habe mich dabei sp\u00e4ter auf die spanischen Werke beschr\u00e4nkt. Das musste sein.<\/p>\n<p>Besonders gut fand ich die Ausstellung\u00a0<em>La Belleza Encerrada. De Fra Angelico a Fortuny<\/em>.\u00a0Brueghel &#8211; Alt und Jung, van der Weyden, D\u00fcrer, Bosch, Rubens, Velazquez dicht an dicht in 17 Kabinetten. Die Italiener nicht zu vergessen.<\/p>\n<ul>\n<li><a title=\"El paso de la laguna Estigia. Joachim Patinir\" href=\"http:\/\/es.wikipedia.org\/wiki\/El_paso_de_la_laguna_Estigia\" target=\"_blank\"><em>El paso de la laguna Estigia<\/em><\/a>. 1520-24.\u00a0Joachim Patinir: Es gibt \u2013 glaub ich \u2013 von Patinier\u00a0noch eine andere \u00dcberfahrt \u00fcber den Styx, die detaillierter ist.<\/li>\n<li><em>Un conquistador de Indias<\/em>. 1501-35. An\u00f3nimo Flamenco: Der junge Mann h\u00e4lt dem Betrachter\u00a0ein Papier entgegen. Idee f\u00fcr ein Selbstbildnis.<\/li>\n<li><a title=\"Agnus Dei de Francisco de Zurbar\u00e1n\" href=\"http:\/\/es.wikipedia.org\/wiki\/Agnus_Dei_(Zurbar\u00e1n)\" target=\"_blank\"><em>Agnus Dei<\/em><\/a>. 1635-40.\u00a0Francisco de Zurbar\u00e1n: Eine Darstellung, die mir unterschiedlichste Gedanken und Gef\u00fchle bereitete. Eher weltlich als religi\u00f6s angesiedelte.<\/li>\n<li><em>La tentaciones de san Antonio abad<\/em>. Siglo XVII.\u00a0David Teniers: Ein Feuerwerk der Fantasiegebilde. Beeinflusst von Bosch dem \u00c4lteren.<\/li>\n<li><em><a title=\"Europa y Asia (un video en espa\u00f1ol, 5\/22)\" href=\"http:\/\/www.museodelprado.es\/exposiciones\/info\/en-el-museo\/la-belleza-encerrada\/video\/\" target=\"_blank\">Europa y Asia<\/a><\/em>. 1660. Jan van Kessel el Viejo: Viel Fantasie und Wirklichkeit in Bezug auf Bauten, Tiere und Pflanzen \u00fcber die beiden Kontinente im 40-teiligen Bilderzyklus.<\/li>\n<li><em>Autorretrato<\/em>. 1727. Francisco Solimena: Ein Selbstbildnis mit Zirkel und Blatt (Als Variante k\u00f6nnte man auf \u00fcberdimensionale Attribute zur\u00fcckgreifen z. B. auf Lehrerzirkel, -lineal und -dreieck.)<\/li>\n<li><a title=\"Una zebra de Luis Paret y Alc\u00e1zar\" href=\"http:\/\/www.museodelprado.es\/enciclopedia\/enciclopedia-on-line\/voz\/cebra-una-paret\/\" target=\"_blank\"><em>Una zebra<\/em><\/a>. 1774. Luis Paret y Alc\u00e1zar: Ein Aquarell aus der Zeit als Enzyklop\u00e4dien auch noch gezeichnet wurden.<\/li>\n<\/ul>\n<p>Und sonst so im Prado? <em>Velazquez<\/em> und <em>Goya<\/em> \u00a1ausf\u00fchrlichst! und ein fast ersch\u00f6pfender Einblick in die <em>spanische Malerei<\/em>.<\/p>\n","protected":false},"excerpt":{"rendered":"<p>Die Zeit im Museo del Prado ist gestern vormittag wie im Flug vergangen. Am Ende blieb ich dort\u00a0bis zur D\u00e4mmerung und habe mich dabei sp\u00e4ter auf die spanischen Werke beschr\u00e4nkt. Das musste sein. Besonders gut fand ich die Ausstellung\u00a0La Belleza Encerrada. De Fra Angelico a Fortuny.\u00a0Brueghel &#8211; Alt und Jung, van der Weyden, D\u00fcrer, Bosch, [&hellip;]<\/p>\n","protected":false},"author":2,"featured_media":0,"comment_status":"closed","ping_status":"closed","sticky":false,"template":"","format":"standard","meta":{"footnotes":""},"categories":[2,4],"tags":[264,258,265,105,115,266,267],"class_list":["post-736","post","type-post","status-publish","format-standard","hentry","category-reise","category-tipp","tag-el-greco","tag-el-prado","tag-goya","tag-kunst","tag-madrid","tag-malerei","tag-velazquez"],"_links":{"self":[{"href":"https:\/\/heidesch.de\/blog\/index.php?rest_route=\/wp\/v2\/posts\/736","targetHints":{"allow":["GET"]}}],"collection":[{"href":"https:\/\/heidesch.de\/blog\/index.php?rest_route=\/wp\/v2\/posts"}],"about":[{"href":"https:\/\/heidesch.de\/blog\/index.php?rest_route=\/wp\/v2\/types\/post"}],"author":[{"embeddable":true,"href":"https:\/\/heidesch.de\/blog\/index.php?rest_route=\/wp\/v2\/users\/2"}],"replies":[{"embeddable":true,"href":"https:\/\/heidesch.de\/blog\/index.php?rest_route=%2Fwp%2Fv2%2Fcomments&post=736"}],"version-history":[{"count":10,"href":"https:\/\/heidesch.de\/blog\/index.php?rest_route=\/wp\/v2\/posts\/736\/revisions"}],"predecessor-version":[{"id":820,"href":"https:\/\/heidesch.de\/blog\/index.php?rest_route=\/wp\/v2\/posts\/736\/revisions\/820"}],"wp:attachment":[{"href":"https:\/\/heidesch.de\/blog\/index.php?rest_route=%2Fwp%2Fv2%2Fmedia&parent=736"}],"wp:term":[{"taxonomy":"category","embeddable":true,"href":"https:\/\/heidesch.de\/blog\/index.php?rest_route=%2Fwp%2Fv2%2Fcategories&post=736"},{"taxonomy":"post_tag","embeddable":true,"href":"https:\/\/heidesch.de\/blog\/index.php?rest_route=%2Fwp%2Fv2%2Ftags&post=736"}],"curies":[{"name":"wp","href":"https:\/\/api.w.org\/{rel}","templated":true}]}}