{"id":730,"date":"2013-11-06T19:24:17","date_gmt":"2013-11-06T19:24:17","guid":{"rendered":"http:\/\/heidesch.de\/blog\/?p=730"},"modified":"2015-03-30T20:54:44","modified_gmt":"2015-03-30T20:54:44","slug":"sevilla-und-der-transfer-nach-buenos-aires","status":"publish","type":"post","link":"https:\/\/heidesch.de\/blog\/?p=730","title":{"rendered":"Sevilla und der Transfer nach Buenos Aires"},"content":{"rendered":"<p>Der Oktober in Sevilla war gut. Ich habe Sevilla als entspannte Stadt kennengelernt, die man gut in einigen Urlaubstagen durchbummeln kann. Besonders die Treffen auf den Strassen und in den Tapas-Bars bis in die sp\u00e4te Nacht hinein, habe ich gerne gesehen. Ich mochte diesen Monat die sonnigen Vormittage auf der Terrasse der Residenz, wenn alle anderen Mitbewohner zur Schule ausgeflogen sind. Die Zeit, um zwischen der K\u00fcche im Erdgeschoss und dem Arbeitstisch auf der Terrasse zu wandeln. Einmal brachte ein kleiner Einkauf um die Ecke\u00a0bei Sonnenschein den Wunsch ein, diese Vormittage noch lange beizubehalten und f\u00fcr das Spanischlernen bezahlt zu werden.\u00a0Nach drei Wochen verflog langsam der Zauber des Anfangs.<\/p>\n<p><strong>Sevilla \u2013 mein barrio:\u00a0<\/strong><\/p>\n<p><img decoding=\"async\" class=\"ngg_displayed_gallery mceItem\" alt=\"\" src=\"http:\/\/heidesch.de\/blog\/index.php\/nextgen-attach_to_post\/preview\/id--771\" \/><\/p>\n<p><strong>Sevilla \u2013 offiziell:<\/strong><\/p>\n<p><img decoding=\"async\" class=\"ngg_displayed_gallery mceItem\" alt=\"\" src=\"http:\/\/heidesch.de\/blog\/index.php\/nextgen-attach_to_post\/preview\/id--772\" \/><\/p>\n<p>In Sevilla hat mich insbesondere der\u00a0<em>Real Alc\u00e1zar<\/em>\u00a0beeindruckt, ich mochte den\u00a0<em>Parque Mar\u00eda Luisa<\/em>\u00a0am\u00a0<em>Plaza de Espa\u00f1a<\/em>\u00a0mit seinen Keramikb\u00e4nken und mein Barrio \u2013\u00a0<em>La Macarena<\/em>. Verwinkelt genug, um sich die ersten morgendlichen L\u00e4ufe ordentlich zu vertun. Die L\u00e4ufe am\u00a0<em>Rio Guadalquivir<\/em>\u00a0und durch den\u00a0<em>Parque del Alamillo<\/em>\u00a0waren sch\u00f6n. Mit Heldenmusik von <em>Anton\u00edn\u00a0Dvor\u00e1k<\/em> \u2013 From a new World. Das Wetter, die Einwohner und die regionale Architektur mit seinen arabischen Einfl\u00fcssen \u2013 so einfach geht das. Wochenendausfl\u00fcge nach\u00a0<a title=\"Ronda, Espa\u00f1a (wikipedia)\" href=\"http:\/\/es.wikipedia.org\/wiki\/Ronda_(M\u00e1laga)\" target=\"_blank\">Ronda<\/a>\u00a0und zur <a title=\"La mezquita de C\u00f3rdoba\" href=\"http:\/\/www.catedraldecordoba.es\/\" target=\"_blank\">La Mezquita<\/a> in Cordoba.<\/p>\n<p><strong>Ronda:<\/strong><\/p>\n<p><img decoding=\"async\" class=\"ngg_displayed_gallery mceItem\" alt=\"\" src=\"http:\/\/heidesch.de\/blog\/index.php\/nextgen-attach_to_post\/preview\/id--768\" \/><\/p>\n<p><strong>Cordoba:<\/strong><\/p>\n<p><img decoding=\"async\" class=\"ngg_displayed_gallery mceItem\" alt=\"\" src=\"http:\/\/heidesch.de\/blog\/index.php\/nextgen-attach_to_post\/preview\/id--770\" \/><\/p>\n<p>Die letzten Tage in Sevilla: Ein L\u00e4ufchen\u00a0am Guadaqualvir mit JOTA,\u00a0einem Sympathietr\u00e4ger aus Japan. Der Abschied von MIFFI mit der Einsicht, dass die symbolischen Freundschaftsgesten von Japanern nicht zu stoppen und zu toppen sind. Ich habe es mit einer selbstgemachten Zeichnung\u00a0<em>wirklich<\/em>\u00a0versucht und bekam als Antwort\u00a0<em>noch<\/em>\u00a0ein Aquarell, einen Hut und ein Lesezeichen. Vielen Dank!<\/p>\n<p>Und die Schule: Nach einer Weile hatten es die Spanischstunden in sich. Keine Wiederholungen des Pret\u00e9rito Perfecto, Indefinido und Imperfecto mehr. Eine Druckbetankung in Sachen Grammatik bei der das Sprechen und Schreiben f\u00fcr meinen Geschmack etwas kurz gekommen sind. Ich hoffe mit der Zeit wird sich was absetzen \u2013 ein Sprachschatz. Auf jeden Fall bin ich von meinem Plan, mich nur auf Spanisch zu verst\u00e4ndigen, nicht abgekommen. Ok, die Ausnahme war der Tag in Granada mit Kerstin. Und das war es auch Wert! Wertvolle Gedanken zur <em>Fusswasserfotografie<\/em> und <em>Touchability<\/em> sind doch noch \u00fcber meinem spanischen Sprachniveau. Vielen Dank f\u00fcr einen \u00e4usserst unterhaltsamen Tag auf der <a title=\"Alhambra de Granada\" href=\"http:\/\/www.alhambradegranada.org\/\" target=\"_blank\">Alhambra de Granada<\/a>!<\/p>\n<p><strong>Granada:<\/strong><\/p>\n<p><img decoding=\"async\" class=\"ngg_displayed_gallery mceItem\" alt=\"\" src=\"http:\/\/heidesch.de\/blog\/index.php\/nextgen-attach_to_post\/preview\/id--775\" \/><\/p>\n<p>Von Madrid nach Buenos Aires: Nach dem ausgedehnten Tag im <a title=\"Museo del Prado\" href=\"http:\/\/www.museodelprado.es\/\" target=\"_blank\">Museo del Prado<\/a> habe ich mich an meinem letzten Tag in Madrid gegen das <a title=\"Museo Reina Sofia\" href=\"http:\/\/www.museoreinasofia.es\/\" target=\"_blank\">Museo Reina Sofia<\/a> entschieden. Ok, das Museum ist dazu auch geschlossen gewesen. Stattdessen ein Spaziergang s\u00fcdlich des Madrider Zentrums. Eine schicke Gegend in der sich mir drei M\u00e4rkte entgegenwarfen. NICE! Anschlie\u00dfend zum Flughafen und der Abflug nach Rom \u2013 \u00a0Rom\/Buenos Aires, auf p\u00e4pstlicher Linie. Die Zeitschrift im Flieger machte mir klar, dass Stadtbeschreibungen mit Liebe erstellt sein und pers\u00f6nliche Details haben sollten. Es nagt nun eine kleine Sehnsucht nach Istanbul und Tokio in mir! In Rom hat der Anschlussflieger eine gr\u00f6\u00dfere Versp\u00e4tung. Zeit, um einige Blog-Eintr\u00e4ge zu \u00fcberarbeiten&#8230;<\/p>\n","protected":false},"excerpt":{"rendered":"<p>Der Oktober in Sevilla war gut. Ich habe Sevilla als entspannte Stadt kennengelernt, die man gut in einigen Urlaubstagen durchbummeln kann. Besonders die Treffen auf den Strassen und in den Tapas-Bars bis in die sp\u00e4te Nacht hinein, habe ich gerne gesehen. Ich mochte diesen Monat die sonnigen Vormittage auf der Terrasse der Residenz, wenn alle [&hellip;]<\/p>\n","protected":false},"author":2,"featured_media":0,"comment_status":"closed","ping_status":"closed","sticky":false,"template":"","format":"standard","meta":{"footnotes":""},"categories":[2],"tags":[245,246,256,257,258,61,247,259,115,260,261,262,242,159,1247],"class_list":["post-730","post","type-post","status-publish","format-standard","hentry","category-reise","tag-araber","tag-architektur","tag-buenos-aires","tag-didaktik","tag-el-prado","tag-fremdsprache","tag-kacheln","tag-kathedrale","tag-madrid","tag-moschee","tag-museo-reina-sofia","tag-park","tag-sevilla","tag-spanien","tag-spanisch"],"_links":{"self":[{"href":"https:\/\/heidesch.de\/blog\/index.php?rest_route=\/wp\/v2\/posts\/730","targetHints":{"allow":["GET"]}}],"collection":[{"href":"https:\/\/heidesch.de\/blog\/index.php?rest_route=\/wp\/v2\/posts"}],"about":[{"href":"https:\/\/heidesch.de\/blog\/index.php?rest_route=\/wp\/v2\/types\/post"}],"author":[{"embeddable":true,"href":"https:\/\/heidesch.de\/blog\/index.php?rest_route=\/wp\/v2\/users\/2"}],"replies":[{"embeddable":true,"href":"https:\/\/heidesch.de\/blog\/index.php?rest_route=%2Fwp%2Fv2%2Fcomments&post=730"}],"version-history":[{"count":11,"href":"https:\/\/heidesch.de\/blog\/index.php?rest_route=\/wp\/v2\/posts\/730\/revisions"}],"predecessor-version":[{"id":776,"href":"https:\/\/heidesch.de\/blog\/index.php?rest_route=\/wp\/v2\/posts\/730\/revisions\/776"}],"wp:attachment":[{"href":"https:\/\/heidesch.de\/blog\/index.php?rest_route=%2Fwp%2Fv2%2Fmedia&parent=730"}],"wp:term":[{"taxonomy":"category","embeddable":true,"href":"https:\/\/heidesch.de\/blog\/index.php?rest_route=%2Fwp%2Fv2%2Fcategories&post=730"},{"taxonomy":"post_tag","embeddable":true,"href":"https:\/\/heidesch.de\/blog\/index.php?rest_route=%2Fwp%2Fv2%2Ftags&post=730"}],"curies":[{"name":"wp","href":"https:\/\/api.w.org\/{rel}","templated":true}]}}