{"id":628,"date":"2013-10-11T17:57:56","date_gmt":"2013-10-11T17:57:56","guid":{"rendered":"http:\/\/heidesch.de\/blog\/?p=628"},"modified":"2015-03-30T20:55:47","modified_gmt":"2015-03-30T20:55:47","slug":"espana-alcazar-de-sevilla","status":"publish","type":"post","link":"https:\/\/heidesch.de\/blog\/?p=628","title":{"rendered":"Sevilla \u2013 Real Alc\u00e1zar"},"content":{"rendered":"<p><strong>Wie schick war das denn heute vormittag?<\/strong> \u00a1<a title=\"Alc\u00e1zar de Sevilla\" href=\"http:\/\/www.alcazarsevilla.org\/\" target=\"_blank\">El Real Alc\u00e1zar de Sevilla<\/a>!<\/p>\n<p>Einen halben Tag solltet Ihr <em>mindestens<\/em> einplanen f\u00fcr den Besuch des Alc\u00e1zars von Sevilla. In den S\u00e4len der k\u00f6niglichen Festung: wunderbare Keramiken und detailreich dekorierte Mauern. Mein Spanisch-Lehrer sagte diese Woche, er ziehe die Natur den Menschen vor. Sie sei gener\u00f6s. Heute habe ich mich daran erinnert und gedacht, <em>Kultur ist auch nicht schlecht!<\/em> Aber ja, was da wohl f\u00fcr Geschichten im Alc\u00e1zar steckt, welchen Preis* diese Sch\u00f6nheit hatte und hat.<\/p>\n<p>La Sala de las mu\u00f1ecas \u2013 Der Saal der Puppen \u2013 gefiel mir sehr. Aber ach, alle R\u00e4ume EINZIGARTIG! Eine Keramikausstellung gab es zu sehen und ich fand, dass die Kacheln gerne auch in meine Bleiben Einzug finden k\u00f6nnen. Auf jeden Fall gute Praxisbeispiele f\u00fcr K\u00f6lner Wohnh\u00e4user, die ja manchmal wie umgekrempelte Schwimmhallen aussehen. Ich schweife ab.<\/p>\n<p>Darum Textschluss und nun noch einige Eindr\u00fccke von der Anlage.<\/p>\n<p><img decoding=\"async\" class=\"ngg_displayed_gallery mceItem\" src=\"http:\/\/heidesch.de\/blog\/index.php\/nextgen-attach_to_post\/preview\/id--697\" alt=\"\" \/><\/p>\n<p><code><span class=\"Apple-style-span\" style=\"font-family: 'Open Sans', Helvetica, Arial, sans-serif; font-size: 14px;\">*nicht vorrangig der in Zahlen<\/span><\/code><\/p>\n","protected":false},"excerpt":{"rendered":"<p>Wie schick war das denn heute vormittag? \u00a1El Real Alc\u00e1zar de Sevilla! Einen halben Tag solltet Ihr mindestens einplanen f\u00fcr den Besuch des Alc\u00e1zars von Sevilla. In den S\u00e4len der k\u00f6niglichen Festung: wunderbare Keramiken und detailreich dekorierte Mauern. Mein Spanisch-Lehrer sagte diese Woche, er ziehe die Natur den Menschen vor. Sie sei gener\u00f6s. Heute habe [&hellip;]<\/p>\n","protected":false},"author":2,"featured_media":0,"comment_status":"closed","ping_status":"open","sticky":false,"template":"","format":"standard","meta":{"footnotes":""},"categories":[2,4],"tags":[243,245,246,248,247,105,244,242,159],"class_list":["post-628","post","type-post","status-publish","format-standard","hentry","category-reise","category-tipp","tag-alcazar","tag-araber","tag-architektur","tag-dekoration","tag-kacheln","tag-kunst","tag-modejar","tag-sevilla","tag-spanien"],"_links":{"self":[{"href":"https:\/\/heidesch.de\/blog\/index.php?rest_route=\/wp\/v2\/posts\/628","targetHints":{"allow":["GET"]}}],"collection":[{"href":"https:\/\/heidesch.de\/blog\/index.php?rest_route=\/wp\/v2\/posts"}],"about":[{"href":"https:\/\/heidesch.de\/blog\/index.php?rest_route=\/wp\/v2\/types\/post"}],"author":[{"embeddable":true,"href":"https:\/\/heidesch.de\/blog\/index.php?rest_route=\/wp\/v2\/users\/2"}],"replies":[{"embeddable":true,"href":"https:\/\/heidesch.de\/blog\/index.php?rest_route=%2Fwp%2Fv2%2Fcomments&post=628"}],"version-history":[{"count":17,"href":"https:\/\/heidesch.de\/blog\/index.php?rest_route=\/wp\/v2\/posts\/628\/revisions"}],"predecessor-version":[{"id":2724,"href":"https:\/\/heidesch.de\/blog\/index.php?rest_route=\/wp\/v2\/posts\/628\/revisions\/2724"}],"wp:attachment":[{"href":"https:\/\/heidesch.de\/blog\/index.php?rest_route=%2Fwp%2Fv2%2Fmedia&parent=628"}],"wp:term":[{"taxonomy":"category","embeddable":true,"href":"https:\/\/heidesch.de\/blog\/index.php?rest_route=%2Fwp%2Fv2%2Fcategories&post=628"},{"taxonomy":"post_tag","embeddable":true,"href":"https:\/\/heidesch.de\/blog\/index.php?rest_route=%2Fwp%2Fv2%2Ftags&post=628"}],"curies":[{"name":"wp","href":"https:\/\/api.w.org\/{rel}","templated":true}]}}