{"id":6027,"date":"2018-08-18T18:15:53","date_gmt":"2018-08-18T18:15:53","guid":{"rendered":"http:\/\/heidesch.de\/blog\/?p=6027"},"modified":"2018-08-21T19:32:42","modified_gmt":"2018-08-21T19:32:42","slug":"hansen-und-gretel-in-krumme-lanke","status":"publish","type":"post","link":"https:\/\/heidesch.de\/blog\/?p=6027","title":{"rendered":"H\u00e4nsel und Gretel in Krumme Lanke"},"content":{"rendered":"<p>Gerade fiel mir beim Ausmisten meines Downloadordners auf dem Rechner die Beschreibung der denkmalgesch\u00fctzten Siedlung <em>Krumme Lanke<\/em> in Berlin in die H\u00e4nde. Sehr gut vorstellbar, dass die Geschwister bei einer Berliner Adaption des M\u00e4rchens durch diese Vorstadtkiefernw\u00e4lder gingen.&nbsp;<\/p>\n<p>Hier befinden sich einige <a href=\"https:\/\/www.berlin.de\/ba-steglitz-zehlendorf\/politik-und-verwaltung\/aemter\/stadtentwicklungsamt\/stadtplanung-und-denkmalschutz\/denkmalschutz\/\" target=\"_blank\" rel=\"noopener\">Brosch\u00fcren \u00fcber Berliner denkmalgesch\u00fctzte Siedlungen<\/a>. &nbsp;<\/p>\n","protected":false},"excerpt":{"rendered":"<p>Gerade fiel mir beim Ausmisten meines Downloadordners auf dem Rechner die Beschreibung der denkmalgesch\u00fctzten Siedlung Krumme Lanke in Berlin in die H\u00e4nde. Sehr gut vorstellbar, dass die Geschwister bei einer Berliner Adaption des M\u00e4rchens durch diese Vorstadtkiefernw\u00e4lder gingen.&nbsp; Hier befinden sich einige Brosch\u00fcren \u00fcber Berliner denkmalgesch\u00fctzte Siedlungen. &nbsp;<\/p>\n","protected":false},"author":2,"featured_media":0,"comment_status":"closed","ping_status":"closed","sticky":false,"template":"","format":"standard","meta":{"footnotes":""},"categories":[2,4],"tags":[246,463,31,2095,456,2242,2241,1176,139,1055,1920,1971],"class_list":["post-6027","post","type-post","status-publish","format-standard","hentry","category-reise","category-tipp","tag-architektur","tag-backstein","tag-berlin","tag-denkmal","tag-fahrrad","tag-gretel","tag-hansen","tag-marchen","tag-reise-2","tag-siedlungsarchitektur","tag-umland","tag-wochenende"],"_links":{"self":[{"href":"https:\/\/heidesch.de\/blog\/index.php?rest_route=\/wp\/v2\/posts\/6027","targetHints":{"allow":["GET"]}}],"collection":[{"href":"https:\/\/heidesch.de\/blog\/index.php?rest_route=\/wp\/v2\/posts"}],"about":[{"href":"https:\/\/heidesch.de\/blog\/index.php?rest_route=\/wp\/v2\/types\/post"}],"author":[{"embeddable":true,"href":"https:\/\/heidesch.de\/blog\/index.php?rest_route=\/wp\/v2\/users\/2"}],"replies":[{"embeddable":true,"href":"https:\/\/heidesch.de\/blog\/index.php?rest_route=%2Fwp%2Fv2%2Fcomments&post=6027"}],"version-history":[{"count":5,"href":"https:\/\/heidesch.de\/blog\/index.php?rest_route=\/wp\/v2\/posts\/6027\/revisions"}],"predecessor-version":[{"id":6034,"href":"https:\/\/heidesch.de\/blog\/index.php?rest_route=\/wp\/v2\/posts\/6027\/revisions\/6034"}],"wp:attachment":[{"href":"https:\/\/heidesch.de\/blog\/index.php?rest_route=%2Fwp%2Fv2%2Fmedia&parent=6027"}],"wp:term":[{"taxonomy":"category","embeddable":true,"href":"https:\/\/heidesch.de\/blog\/index.php?rest_route=%2Fwp%2Fv2%2Fcategories&post=6027"},{"taxonomy":"post_tag","embeddable":true,"href":"https:\/\/heidesch.de\/blog\/index.php?rest_route=%2Fwp%2Fv2%2Ftags&post=6027"}],"curies":[{"name":"wp","href":"https:\/\/api.w.org\/{rel}","templated":true}]}}