{"id":5942,"date":"2017-12-31T00:42:42","date_gmt":"2017-12-31T00:42:42","guid":{"rendered":"http:\/\/heidesch.de\/blog\/?p=5942"},"modified":"2017-12-31T16:13:32","modified_gmt":"2017-12-31T16:13:32","slug":"spanische-perlentaucher-mit-stil","status":"publish","type":"post","link":"https:\/\/heidesch.de\/blog\/?p=5942","title":{"rendered":"Spanische Perlentaucher mit Stil"},"content":{"rendered":"<p><a href=\"http:\/\/impedimenta.es\/nosotros.php\/sobre-impedimenta\" target=\"_blank\" rel=\"noopener\">IMPEDIMENTA.ES<\/a> scheint eine stilvolle, spanische Abwandlung des Perlentaucher-Magazins zu sein. Yummy-ansprechend das florale Design!<\/p>\n<p>Drauf gesto\u00dfen bin ich bei der Suche nach dem Werk zu einem \u00e4lteren Screenshot. Isabel Greenbergs Zeichenstil mit reduzierter Farbpalette in <em>Las cien noches de Hero<\/em> gef\u00e4llt mir in diesem Bild. Es lohnt sicher eine Recherche \u00fcber das Werk der jungen Zeichnerin.<\/p>\n<p><img loading=\"lazy\" decoding=\"async\" class=\"size-full wp-image-5947 aligncenter\" src=\"http:\/\/heidesch.de\/blog\/wp-content\/uploads\/2017\/12\/20171231-IGreenberg-Comicbild.jpg\" alt=\"\" width=\"405\" height=\"253\" srcset=\"https:\/\/heidesch.de\/blog\/wp-content\/uploads\/2017\/12\/20171231-IGreenberg-Comicbild.jpg 405w, https:\/\/heidesch.de\/blog\/wp-content\/uploads\/2017\/12\/20171231-IGreenberg-Comicbild-300x187.jpg 300w\" sizes=\"auto, (max-width: 405px) 100vw, 405px\" \/><\/p>\n","protected":false},"excerpt":{"rendered":"<p>IMPEDIMENTA.ES scheint eine stilvolle, spanische Abwandlung des Perlentaucher-Magazins zu sein. Yummy-ansprechend das florale Design! Drauf gesto\u00dfen bin ich bei der Suche nach dem Werk zu einem \u00e4lteren Screenshot. Isabel Greenbergs Zeichenstil mit reduzierter Farbpalette in Las cien noches de Hero gef\u00e4llt mir in diesem Bild. Es lohnt sicher eine Recherche \u00fcber das Werk der jungen [&hellip;]<\/p>\n","protected":false},"author":2,"featured_media":0,"comment_status":"closed","ping_status":"closed","sticky":false,"template":"","format":"standard","meta":{"footnotes":""},"categories":[4,5],"tags":[2127,77,2225,104,2226,2227,159,210],"class_list":["post-5942","post","type-post","status-publish","format-standard","hentry","category-tipp","category-bild","tag-comics","tag-graphic-novel","tag-isabel-greenberg","tag-kultur","tag-magazin","tag-perlentaucher","tag-spanien","tag-zeichnung"],"_links":{"self":[{"href":"https:\/\/heidesch.de\/blog\/index.php?rest_route=\/wp\/v2\/posts\/5942","targetHints":{"allow":["GET"]}}],"collection":[{"href":"https:\/\/heidesch.de\/blog\/index.php?rest_route=\/wp\/v2\/posts"}],"about":[{"href":"https:\/\/heidesch.de\/blog\/index.php?rest_route=\/wp\/v2\/types\/post"}],"author":[{"embeddable":true,"href":"https:\/\/heidesch.de\/blog\/index.php?rest_route=\/wp\/v2\/users\/2"}],"replies":[{"embeddable":true,"href":"https:\/\/heidesch.de\/blog\/index.php?rest_route=%2Fwp%2Fv2%2Fcomments&post=5942"}],"version-history":[{"count":5,"href":"https:\/\/heidesch.de\/blog\/index.php?rest_route=\/wp\/v2\/posts\/5942\/revisions"}],"predecessor-version":[{"id":5949,"href":"https:\/\/heidesch.de\/blog\/index.php?rest_route=\/wp\/v2\/posts\/5942\/revisions\/5949"}],"wp:attachment":[{"href":"https:\/\/heidesch.de\/blog\/index.php?rest_route=%2Fwp%2Fv2%2Fmedia&parent=5942"}],"wp:term":[{"taxonomy":"category","embeddable":true,"href":"https:\/\/heidesch.de\/blog\/index.php?rest_route=%2Fwp%2Fv2%2Fcategories&post=5942"},{"taxonomy":"post_tag","embeddable":true,"href":"https:\/\/heidesch.de\/blog\/index.php?rest_route=%2Fwp%2Fv2%2Ftags&post=5942"}],"curies":[{"name":"wp","href":"https:\/\/api.w.org\/{rel}","templated":true}]}}