{"id":5811,"date":"2017-06-16T06:12:37","date_gmt":"2017-06-16T06:12:37","guid":{"rendered":"http:\/\/heidesch.de\/blog\/?p=5811"},"modified":"2017-06-21T06:39:34","modified_gmt":"2017-06-21T06:39:34","slug":"jean-jacques-rosseau-bekennt","status":"publish","type":"post","link":"https:\/\/heidesch.de\/blog\/?p=5811","title":{"rendered":"Jean-Jacques Rosseau bekennt"},"content":{"rendered":"<p>Schon lang nicht mehr las ich so feine S\u00e4tze wie in Jean-Jacques Rosseaus Bekenntnissen und es d\u00fcnkt mich, dass unsere Zeit den Wert dieses Sprachstils und das bescheiden vorgetragene Selbstbewu\u00dftsein des Autors eher nicht erkennt und goutiert. Dr\u00fcckte der Satz meine Wertsch\u00e4tzung hinreichend aus? Wie auch immer, unten ein St\u00fcck Original. Rosseau \u00fcber sein Selbststudium &#8230;<\/p>\n<blockquote><p>&#8220;Ich begann mit philosophischen Werken, &#8230; Bald wurde mir gewahr, dass all diese Schriftsteller sich fast dauernd gegenseitig widersprechen, und ich entwarf den phantastischen Plan, sie in \u00dcbereinstimmung miteinander zu bringen, was mich \u00e4u\u00dferst erm\u00fcdete und viel Zeit verlieren lie\u00df. Ich verwirrte mir nur den Kopf und kam nicht vorw\u00e4rts. Schlie\u00dflich gab ich diese Methode auf und befolgte eine unendlich bessere, der ich alle Fortschritte beimesse, die ich trotz meines Mangels an Fassungsgabe gemacht haben mag &#8230; Ich machte es mir beim Durchlesen jedes Schriftstellers zum Gesetz, nur seinen Gedanken zu folgen, ohne die meinen oder die eines anderen mit hereinzuziehen und ohne mich jemals auf einen Streit mit ihm einzulassen. Ich sagte mir: zun\u00e4chst will ich mir einen Vorrat von klaren Begriffen verschaffen, seien sie nun wahr oder falsch, und dann abwarten, bis ich in meinem Kopfe deren genug gespeichert habe, um sie miteinander vergleichen und eine Auswahl treffen zu k\u00f6nnen. Diese Methode ist nicht ohne \u00dcberstand, ich weiss es, aber meinen Zweck, mich zu unterrichten, hat sie mir erreichen helfen.<\/p>\n<p>Nachdem ich einige Jahre damit verbracht habe, ausschlie\u00dflich die Gedanken anderer nachzudenken, und zwar sozusagen ohne nachzudenken und fast ohne zu \u00fcberlegen, besass ich meines Erachtens eine gen\u00fcgend gro\u00dfe Grundlage von Kenntnissen, um mir f\u00fcrderhin selbst zu gen\u00fcgen und ohne den Beistand anderer selbst\u00e4ndig zu denken. Wenn es mir dann Reisen und Gesch\u00e4fte unm\u00f6glich machten, meine B\u00fccher zu befragen, habe ich meine Freude daran gehabt, das, was ich gelesen, zu durchdenken und zu vergleichen, jegliches Ding auf der Waage der Vernunft zu w\u00e4gen und dann bisweilen sogar ein Urteil \u00fcber meine Lehrer zu f\u00e4llen. Ich habe nicht gefunden, dass mein Urteil, obgleich ich erst so sp\u00e4t zu \u00fcben begann, dadurch etwas an Kraft eingeb\u00fcsst h\u00e4tte, und als ich sp\u00e4ter meine eigenen Gedanken ver\u00f6ffentlichte, hat man mich nicht beschuldigt, ein abh\u00e4ngiger Sch\u00fcler zu sein und in verba magistri zu schw\u00f6ren.&#8221; (aus Bekenntnisse (Sechstes Buch 1736-1741) von Jean-Jacques Rosseau)<\/p><\/blockquote>\n","protected":false},"excerpt":{"rendered":"<p>Schon lang nicht mehr las ich so feine S\u00e4tze wie in Jean-Jacques Rosseaus Bekenntnissen und es d\u00fcnkt mich, dass unsere Zeit den Wert dieses Sprachstils und das bescheiden vorgetragene Selbstbewu\u00dftsein des Autors eher nicht erkennt und goutiert. Dr\u00fcckte der Satz meine Wertsch\u00e4tzung hinreichend aus? Wie auch immer, unten ein St\u00fcck Original. Rosseau \u00fcber sein Selbststudium [&hellip;]<\/p>\n","protected":false},"author":2,"featured_media":0,"comment_status":"closed","ping_status":"closed","sticky":false,"template":"","format":"standard","meta":{"footnotes":""},"categories":[4],"tags":[2207,227,2205,1585,269,112,329,421,2206,1865,2204,154,681],"class_list":["post-5811","post","type-post","status-publish","format-standard","hentry","category-tipp","tag-bekenntnisse","tag-biografie","tag-emile","tag-erziehung","tag-frankreich","tag-literatur","tag-natur","tag-paris","tag-personlichkeitonlichkeit","tag-revolution","tag-rosseau","tag-selbst","tag-stil"],"_links":{"self":[{"href":"https:\/\/heidesch.de\/blog\/index.php?rest_route=\/wp\/v2\/posts\/5811","targetHints":{"allow":["GET"]}}],"collection":[{"href":"https:\/\/heidesch.de\/blog\/index.php?rest_route=\/wp\/v2\/posts"}],"about":[{"href":"https:\/\/heidesch.de\/blog\/index.php?rest_route=\/wp\/v2\/types\/post"}],"author":[{"embeddable":true,"href":"https:\/\/heidesch.de\/blog\/index.php?rest_route=\/wp\/v2\/users\/2"}],"replies":[{"embeddable":true,"href":"https:\/\/heidesch.de\/blog\/index.php?rest_route=%2Fwp%2Fv2%2Fcomments&post=5811"}],"version-history":[{"count":11,"href":"https:\/\/heidesch.de\/blog\/index.php?rest_route=\/wp\/v2\/posts\/5811\/revisions"}],"predecessor-version":[{"id":5823,"href":"https:\/\/heidesch.de\/blog\/index.php?rest_route=\/wp\/v2\/posts\/5811\/revisions\/5823"}],"wp:attachment":[{"href":"https:\/\/heidesch.de\/blog\/index.php?rest_route=%2Fwp%2Fv2%2Fmedia&parent=5811"}],"wp:term":[{"taxonomy":"category","embeddable":true,"href":"https:\/\/heidesch.de\/blog\/index.php?rest_route=%2Fwp%2Fv2%2Fcategories&post=5811"},{"taxonomy":"post_tag","embeddable":true,"href":"https:\/\/heidesch.de\/blog\/index.php?rest_route=%2Fwp%2Fv2%2Ftags&post=5811"}],"curies":[{"name":"wp","href":"https:\/\/api.w.org\/{rel}","templated":true}]}}