{"id":56,"date":"2013-05-01T00:00:59","date_gmt":"2013-05-01T00:00:59","guid":{"rendered":"http:\/\/localhost:8888\/wordpress\/?p=56"},"modified":"2015-08-26T08:58:42","modified_gmt":"2015-08-26T08:58:42","slug":"selbstbildnis-business","status":"publish","type":"post","link":"https:\/\/heidesch.de\/blog\/?p=56","title":{"rendered":"Selbstbildnis \u2013 Draufsicht oder Aussicht"},"content":{"rendered":"<p>\u00dcber die fotographische Umsetzung von Selbstbildern nachdenken. Kann man ein Selbstbild wiedergeben \u00fcber den Blick von Innen nach Au\u00dfen. D. h. nicht durch die Sicht auf das Selbst sondern vom Selbst ausgehend. Was sehe ich, wenn ich etwas bestimmtes darstelle &#8211; eine Position einnehme? Wie ver\u00e4ndert sich die Sicht auf die Welt, wenn sich die Position \u00e4ndert?<\/p>\n<p>F\u00fcr die Draufsicht eines Selbstbildes helfen Insignien des Berufs, der Freizeitgestaltung und weiterer Interessen. Anwendungsf\u00e4lle f\u00fcr Selbstbildnisse sind die Wirtschafts- oder Vereinswelt. Motive f\u00fcr Selbstbildnisse sind:<\/p>\n<ul>\n<li><span style=\"color: #ed971e;\">mit mittelalterlichem Spruchband,<\/span><\/li>\n<li><span style=\"color: #ed971e;\">vor <em>dem Gem\u00e4lde<\/em> aus dem Neuen Museum,<\/span><\/li>\n<li><span style=\"color: #ed971e;\">mit M\u00fctze, Handschuhen und Schal,<\/span><\/li>\n<li><span style=\"color: #ed971e;\">mit Laufsachen,<\/span><\/li>\n<li><span style=\"color: #ed971e;\">mit Comic-Sprechblasen oder -Panels im Hintergrund,<\/span><\/li>\n<li><span style=\"color: #ed971e;\">als Gartenfreund und -helfer,<\/span><\/li>\n<li><span style=\"color: #ed971e;\">im B\u00fcro,<\/span><\/li>\n<li><span style=\"color: #ed971e;\">gedreht, \u00fcber die Schulter schauend,<\/span><\/li>\n<li><span style=\"color: #ed971e;\">mit Trolley, Tablet bzw. Rucksack, Umh\u00e4ngetasche oder Bastkorb<\/span> oder<\/li>\n<li><span style=\"color: #ed971e;\">als gebrochenes Selbstbilder: mit Ungereimtheiten bei der Insignienwahl. <\/span><\/li>\n<\/ul>\n","protected":false},"excerpt":{"rendered":"<p>\u00dcber die fotographische Umsetzung von Selbstbildern nachdenken. Kann man ein Selbstbild wiedergeben \u00fcber den Blick von Innen nach Au\u00dfen. D. h. nicht durch die Sicht auf das Selbst sondern vom Selbst ausgehend. Was sehe ich, wenn ich etwas bestimmtes darstelle &#8211; eine Position einnehme? Wie ver\u00e4ndert sich die Sicht auf die Welt, wenn sich die [&hellip;]<\/p>\n","protected":false},"author":2,"featured_media":0,"comment_status":"closed","ping_status":"open","sticky":false,"template":"","format":"standard","meta":{"footnotes":""},"categories":[5],"tags":[32,42,58,73,87,99,127,132,154,155,156,210],"class_list":["post-56","post","type-post","status-publish","format-standard","hentry","category-bild","tag-beruf","tag-darstellung","tag-foto","tag-gesten","tag-insignien","tag-konzept","tag-personlichkeit","tag-portrat","tag-selbst","tag-selbstbild","tag-selbstdarstellung","tag-zeichnung"],"_links":{"self":[{"href":"https:\/\/heidesch.de\/blog\/index.php?rest_route=\/wp\/v2\/posts\/56","targetHints":{"allow":["GET"]}}],"collection":[{"href":"https:\/\/heidesch.de\/blog\/index.php?rest_route=\/wp\/v2\/posts"}],"about":[{"href":"https:\/\/heidesch.de\/blog\/index.php?rest_route=\/wp\/v2\/types\/post"}],"author":[{"embeddable":true,"href":"https:\/\/heidesch.de\/blog\/index.php?rest_route=\/wp\/v2\/users\/2"}],"replies":[{"embeddable":true,"href":"https:\/\/heidesch.de\/blog\/index.php?rest_route=%2Fwp%2Fv2%2Fcomments&post=56"}],"version-history":[{"count":3,"href":"https:\/\/heidesch.de\/blog\/index.php?rest_route=\/wp\/v2\/posts\/56\/revisions"}],"predecessor-version":[{"id":4720,"href":"https:\/\/heidesch.de\/blog\/index.php?rest_route=\/wp\/v2\/posts\/56\/revisions\/4720"}],"wp:attachment":[{"href":"https:\/\/heidesch.de\/blog\/index.php?rest_route=%2Fwp%2Fv2%2Fmedia&parent=56"}],"wp:term":[{"taxonomy":"category","embeddable":true,"href":"https:\/\/heidesch.de\/blog\/index.php?rest_route=%2Fwp%2Fv2%2Fcategories&post=56"},{"taxonomy":"post_tag","embeddable":true,"href":"https:\/\/heidesch.de\/blog\/index.php?rest_route=%2Fwp%2Fv2%2Ftags&post=56"}],"curies":[{"name":"wp","href":"https:\/\/api.w.org\/{rel}","templated":true}]}}