{"id":5439,"date":"2016-08-05T08:50:03","date_gmt":"2016-08-05T08:50:03","guid":{"rendered":"http:\/\/heidesch.de\/blog\/?p=5439"},"modified":"2016-08-16T10:30:38","modified_gmt":"2016-08-16T10:30:38","slug":"muller-berlin-schmidt-berlin","status":"publish","type":"post","link":"https:\/\/heidesch.de\/blog\/?p=5439","title":{"rendered":"M\u00fcller, Schmidt, Berlin"},"content":{"rendered":"<p>Bin gestern am zweiten Wahlkampfposter mit Michael M\u00fcller (SPD) vorbeigeradelt.<br \/>\nKonzept findick akzeptabel: <strong><em>Herr M\u00fcller aus dem\/im Hintergund. <\/em><\/strong>Sakko leger \u00fcber die Schulter geworfen. Mmh, das m\u00fcsste nicht sein. Die fr\u00fcheren Varianten davon gehen von <em>Pullover um die Schulter<\/em> h\u00e4ngen und \u00c4rmel vorne verknoten oder einfach mal die <em>Hemds\u00e4rmel hochkrempeln<\/em> bis\u00a0zum <em>Poloshirtkragen aufstellen<\/em>. Aber ne, so plump macherisch muss denn och nich&#8230; Bildidee: <span style=\"color: #ed971e;\"><strong>Macher. <\/strong>Variationen mit Sakko, Pullover und Hemds\u00e4rmeln.<\/span><\/p>\n<p><em><strong>M\u00fcller, Berlin<\/strong><\/em><\/p>\n<ul>\n<li>M. M\u00fcller f\u00e4hrt auf einer Rolltreppe nach oben. Der Betrachter kommt ihm auf der Gegenseite entgegen. Vor ihm steht\u00a0eine kopftuchtragende Frau.<\/li>\n<li>M. M\u00fcller steht im Gespr\u00e4ch vertieft in einer leeren Lagerhalle. Assoziation an eine Erstaufnahmestelle f\u00fcr Fl\u00fcchtlinge im Sommer 2015.<\/li>\n<\/ul>\n<p><em><strong>Schmidt, Berlin<\/strong><\/em><\/p>\n<ul>\n<li>&#8230; mit Einkaufswagen in einer Kassenschlange.<\/li>\n<li>&#8230; in der S- oder U-Bahn oder &#8230; auf einem gut frequentierten S-Bahnsteig.<\/li>\n<li>&#8230; vorm Fernsehturm oder Brandenburger Tor neben einer Touristengruppe.<\/li>\n<li>&#8230; genie\u00dft den G\u00f6rli oder die Grillzone\u00a0auf dem Tempelhofer Flugfeld.<\/li>\n<li>&#8230; geht an Baustellen mit Berlin-Panorama vorbei.<\/li>\n<\/ul>\n","protected":false},"excerpt":{"rendered":"<p>Bin gestern am zweiten Wahlkampfposter mit Michael M\u00fcller (SPD) vorbeigeradelt. Konzept findick akzeptabel: Herr M\u00fcller aus dem\/im Hintergund. Sakko leger \u00fcber die Schulter geworfen. Mmh, das m\u00fcsste nicht sein. Die fr\u00fcheren Varianten davon gehen von Pullover um die Schulter h\u00e4ngen und \u00c4rmel vorne verknoten oder einfach mal die Hemds\u00e4rmel hochkrempeln bis\u00a0zum Poloshirtkragen aufstellen. Aber ne, [&hellip;]<\/p>\n","protected":false},"author":2,"featured_media":0,"comment_status":"closed","ping_status":"closed","sticky":false,"template":"","format":"aside","meta":{"footnotes":""},"categories":[8],"tags":[],"class_list":["post-5439","post","type-post","status-publish","format-aside","hentry","category-im-affekt","post_format-post-format-aside"],"_links":{"self":[{"href":"https:\/\/heidesch.de\/blog\/index.php?rest_route=\/wp\/v2\/posts\/5439","targetHints":{"allow":["GET"]}}],"collection":[{"href":"https:\/\/heidesch.de\/blog\/index.php?rest_route=\/wp\/v2\/posts"}],"about":[{"href":"https:\/\/heidesch.de\/blog\/index.php?rest_route=\/wp\/v2\/types\/post"}],"author":[{"embeddable":true,"href":"https:\/\/heidesch.de\/blog\/index.php?rest_route=\/wp\/v2\/users\/2"}],"replies":[{"embeddable":true,"href":"https:\/\/heidesch.de\/blog\/index.php?rest_route=%2Fwp%2Fv2%2Fcomments&post=5439"}],"version-history":[{"count":10,"href":"https:\/\/heidesch.de\/blog\/index.php?rest_route=\/wp\/v2\/posts\/5439\/revisions"}],"predecessor-version":[{"id":5452,"href":"https:\/\/heidesch.de\/blog\/index.php?rest_route=\/wp\/v2\/posts\/5439\/revisions\/5452"}],"wp:attachment":[{"href":"https:\/\/heidesch.de\/blog\/index.php?rest_route=%2Fwp%2Fv2%2Fmedia&parent=5439"}],"wp:term":[{"taxonomy":"category","embeddable":true,"href":"https:\/\/heidesch.de\/blog\/index.php?rest_route=%2Fwp%2Fv2%2Fcategories&post=5439"},{"taxonomy":"post_tag","embeddable":true,"href":"https:\/\/heidesch.de\/blog\/index.php?rest_route=%2Fwp%2Fv2%2Ftags&post=5439"}],"curies":[{"name":"wp","href":"https:\/\/api.w.org\/{rel}","templated":true}]}}