{"id":5397,"date":"2016-07-15T08:00:45","date_gmt":"2016-07-15T08:00:45","guid":{"rendered":"http:\/\/heidesch.de\/blog\/?p=5397"},"modified":"2016-07-23T15:44:20","modified_gmt":"2016-07-23T15:44:20","slug":"neulich-im-buro","status":"publish","type":"post","link":"https:\/\/heidesch.de\/blog\/?p=5397","title":{"rendered":"Neulich im B\u00fcro"},"content":{"rendered":"<p><em>Darf ich Sie zu einem Reizhustentee einladen?<\/em><\/p>\n<p>Die R\u00e4ume beim Kunden erinnern mich an die <em>Comics von<\/em> <strong><em>Marc-Antoine Mathieu<\/em><\/strong>. Wie <em>Julius Corentin Acquefacques<\/em> streifte ich gestern ein bisschen durch \u00fcberdimensionale, verlassene R\u00e4ume, Flure und S\u00e4le mit hohen Decken. Elegante Formen. Lange, leicht geschwungene G\u00e4nge, regelm\u00e4\u00dfig unterteilt und abwegeanbietend durch einladende T\u00fcren. Eine Atmo zum Geschichte schreiben. Das Haus hat es in sich und Interieurfotoserien verdient!<\/p>\n<p>Es summte dann im Kontrast zu den stillen Winkeln zur Mittagszeit in der Kantine gesch\u00e4ftig. Gute Gespr\u00e4chsfetzen voll phantastischer Termini und Abk\u00fcrzungen.<\/p>\n<div id=\"attachment_5407\" style=\"width: 272px\" class=\"wp-caption aligncenter\"><img loading=\"lazy\" decoding=\"async\" aria-describedby=\"caption-attachment-5407\" class=\"wp-image-5407 size-medium\" src=\"http:\/\/heidesch.de\/blog\/wp-content\/uploads\/2016\/07\/20160720-MAMathieu-DieVierF_Cover-Innenseite_BLOG-262x300.jpg\" alt=\"20160720-MAMathieu-DieVierF_Cover-Innenseite_BLOG\" width=\"262\" height=\"300\" srcset=\"https:\/\/heidesch.de\/blog\/wp-content\/uploads\/2016\/07\/20160720-MAMathieu-DieVierF_Cover-Innenseite_BLOG-262x300.jpg 262w, https:\/\/heidesch.de\/blog\/wp-content\/uploads\/2016\/07\/20160720-MAMathieu-DieVierF_Cover-Innenseite_BLOG.jpg 559w\" sizes=\"auto, (max-width: 262px) 100vw, 262px\" \/><p id=\"caption-attachment-5407\" class=\"wp-caption-text\">Aus &#8220;Der Ursprung&#8221; von Marc-Antoine Mathieu<\/p><\/div>\n","protected":false},"excerpt":{"rendered":"<p>Darf ich Sie zu einem Reizhustentee einladen? Die R\u00e4ume beim Kunden erinnern mich an die Comics von Marc-Antoine Mathieu. Wie Julius Corentin Acquefacques streifte ich gestern ein bisschen durch \u00fcberdimensionale, verlassene R\u00e4ume, Flure und S\u00e4le mit hohen Decken. Elegante Formen. Lange, leicht geschwungene G\u00e4nge, regelm\u00e4\u00dfig unterteilt und abwegeanbietend durch einladende T\u00fcren. Eine Atmo zum Geschichte [&hellip;]<\/p>\n","protected":false},"author":2,"featured_media":0,"comment_status":"closed","ping_status":"closed","sticky":false,"template":"","format":"aside","meta":{"footnotes":""},"categories":[8],"tags":[],"class_list":["post-5397","post","type-post","status-publish","format-aside","hentry","category-im-affekt","post_format-post-format-aside"],"_links":{"self":[{"href":"https:\/\/heidesch.de\/blog\/index.php?rest_route=\/wp\/v2\/posts\/5397","targetHints":{"allow":["GET"]}}],"collection":[{"href":"https:\/\/heidesch.de\/blog\/index.php?rest_route=\/wp\/v2\/posts"}],"about":[{"href":"https:\/\/heidesch.de\/blog\/index.php?rest_route=\/wp\/v2\/types\/post"}],"author":[{"embeddable":true,"href":"https:\/\/heidesch.de\/blog\/index.php?rest_route=\/wp\/v2\/users\/2"}],"replies":[{"embeddable":true,"href":"https:\/\/heidesch.de\/blog\/index.php?rest_route=%2Fwp%2Fv2%2Fcomments&post=5397"}],"version-history":[{"count":10,"href":"https:\/\/heidesch.de\/blog\/index.php?rest_route=\/wp\/v2\/posts\/5397\/revisions"}],"predecessor-version":[{"id":5433,"href":"https:\/\/heidesch.de\/blog\/index.php?rest_route=\/wp\/v2\/posts\/5397\/revisions\/5433"}],"wp:attachment":[{"href":"https:\/\/heidesch.de\/blog\/index.php?rest_route=%2Fwp%2Fv2%2Fmedia&parent=5397"}],"wp:term":[{"taxonomy":"category","embeddable":true,"href":"https:\/\/heidesch.de\/blog\/index.php?rest_route=%2Fwp%2Fv2%2Fcategories&post=5397"},{"taxonomy":"post_tag","embeddable":true,"href":"https:\/\/heidesch.de\/blog\/index.php?rest_route=%2Fwp%2Fv2%2Ftags&post=5397"}],"curies":[{"name":"wp","href":"https:\/\/api.w.org\/{rel}","templated":true}]}}