{"id":5318,"date":"2016-06-16T13:14:57","date_gmt":"2016-06-16T13:14:57","guid":{"rendered":"http:\/\/heidesch.de\/blog\/?p=5318"},"modified":"2017-05-03T16:40:40","modified_gmt":"2017-05-03T16:40:40","slug":"schlandauto-namen-und-wetterhahn-obelisken","status":"publish","type":"post","link":"https:\/\/heidesch.de\/blog\/?p=5318","title":{"rendered":"Schland-Modellnamen und Wetterhahn-Obelisk"},"content":{"rendered":"<p>Dieser Tage f\u00fchrte\u00a0der Weg am Volkswagen-Werk in Wolfsburg vorbei.\u00a0Sollte\u00a0die deutsche\u00a0Autoindustrie einmal die M\u00f6glichkeiten deutscher Sprache,\u00a0deutschen und eigenen Images ausloten, w\u00fcrde\u00a0ich mich\u00a0gerne an\u00a0Modellnamen wie\u00a0[Hersteller]\u00a0<strong>Sch\u00e4ferhund &#8211;\u00a0Edition Welpe<\/strong>,\u00a0<strong>Trachtenfesch Coupe<\/strong>,\u00a0<strong>Janker 2<\/strong> oder\u00a0<strong>SUV\u00a0<\/strong><b>Wiesnflucht<\/b>\u00a0erfreuen.\u00a0<em>Ambivalent wirkende Modellnamen zwischen tolerierendem\u00a0Stolz und\u00a0statistisch-belegbarer Leichtigkeit.\u00a0<\/em><\/p>\n<p>Mit der Bahn von\u00a0Berlin nach K\u00f6ln reisend ragt vor Deutz eine recht m\u00e4chtige, obeliskf\u00f6rmige S\u00e4ule aus den Baumkronen. Vielleicht ist es\u00a0ein Denkmal. Vielleicht\u00a0auch eine Kirchturmspitze. <span style=\"color: #ed971e;\">Auf dem Obelisk sitzt ein Wetterhahn. <\/span><em>Es\u00a0w\u00e4re auf jeden Fall eine\u00a0angemessene Denkmalform f\u00fcr den stets zur\u00fcckhaltenden\u00a0Diener!<\/em><\/p>\n","protected":false},"excerpt":{"rendered":"<p>Dieser Tage f\u00fchrte\u00a0der Weg am Volkswagen-Werk in Wolfsburg vorbei.\u00a0Sollte\u00a0die deutsche\u00a0Autoindustrie einmal die M\u00f6glichkeiten deutscher Sprache,\u00a0deutschen und eigenen Images ausloten, w\u00fcrde\u00a0ich mich\u00a0gerne an\u00a0Modellnamen wie\u00a0[Hersteller]\u00a0Sch\u00e4ferhund &#8211;\u00a0Edition Welpe,\u00a0Trachtenfesch Coupe,\u00a0Janker 2 oder\u00a0SUV\u00a0Wiesnflucht\u00a0erfreuen.\u00a0Ambivalent wirkende Modellnamen zwischen tolerierendem\u00a0Stolz und\u00a0statistisch-belegbarer Leichtigkeit.\u00a0 Mit der Bahn von\u00a0Berlin nach K\u00f6ln reisend ragt vor Deutz eine recht m\u00e4chtige, obeliskf\u00f6rmige S\u00e4ule aus den Baumkronen. Vielleicht ist es\u00a0ein [&hellip;]<\/p>\n","protected":false},"author":2,"featured_media":0,"comment_status":"closed","ping_status":"closed","sticky":false,"template":"","format":"aside","meta":{"footnotes":""},"categories":[8],"tags":[2097,2095,1032,2098,2100,2012,1932,2093,2094,2092,168,2102,2099,552,2096,2101,551],"class_list":["post-5318","post","type-post","status-publish","format-aside","hentry","category-im-affekt","tag-bmw","tag-denkmal","tag-deutsch","tag-dirndl","tag-janker","tag-koln","tag-marke","tag-namen","tag-obelisk","tag-schland","tag-sprache","tag-suv","tag-tracht","tag-volkswagen","tag-wetterhahn","tag-wiesn","tag-wolfsburg","post_format-post-format-aside"],"_links":{"self":[{"href":"https:\/\/heidesch.de\/blog\/index.php?rest_route=\/wp\/v2\/posts\/5318","targetHints":{"allow":["GET"]}}],"collection":[{"href":"https:\/\/heidesch.de\/blog\/index.php?rest_route=\/wp\/v2\/posts"}],"about":[{"href":"https:\/\/heidesch.de\/blog\/index.php?rest_route=\/wp\/v2\/types\/post"}],"author":[{"embeddable":true,"href":"https:\/\/heidesch.de\/blog\/index.php?rest_route=\/wp\/v2\/users\/2"}],"replies":[{"embeddable":true,"href":"https:\/\/heidesch.de\/blog\/index.php?rest_route=%2Fwp%2Fv2%2Fcomments&post=5318"}],"version-history":[{"count":22,"href":"https:\/\/heidesch.de\/blog\/index.php?rest_route=\/wp\/v2\/posts\/5318\/revisions"}],"predecessor-version":[{"id":5435,"href":"https:\/\/heidesch.de\/blog\/index.php?rest_route=\/wp\/v2\/posts\/5318\/revisions\/5435"}],"wp:attachment":[{"href":"https:\/\/heidesch.de\/blog\/index.php?rest_route=%2Fwp%2Fv2%2Fmedia&parent=5318"}],"wp:term":[{"taxonomy":"category","embeddable":true,"href":"https:\/\/heidesch.de\/blog\/index.php?rest_route=%2Fwp%2Fv2%2Fcategories&post=5318"},{"taxonomy":"post_tag","embeddable":true,"href":"https:\/\/heidesch.de\/blog\/index.php?rest_route=%2Fwp%2Fv2%2Ftags&post=5318"}],"curies":[{"name":"wp","href":"https:\/\/api.w.org\/{rel}","templated":true}]}}