{"id":520,"date":"2013-09-27T00:00:32","date_gmt":"2013-09-27T00:00:32","guid":{"rendered":"http:\/\/localhost:8888\/wordpress\/?p=520"},"modified":"2015-03-30T20:55:53","modified_gmt":"2015-03-30T20:55:53","slug":"die-raute-der-kanzlerin","status":"publish","type":"post","link":"https:\/\/heidesch.de\/blog\/?p=520","title":{"rendered":"Der Diamant der Kanzlerin"},"content":{"rendered":"<p><strong>Was vom gestrigen Tag \u00fcbrig blieb<\/strong> sind diese Erinnerungen&#8230;<\/p>\n<p>Beim Umsteigen an der Station Nuevos Ministerios fiel mir auf, dass ich beim Warten auf die Metro die H\u00e4nde diamantenf\u00f6rmig zusammengelegt hatte. Eine gestische Aufarbeitung der Wahl am vorherigen Sonntag?<\/p>\n<p>Sp\u00e4ter im <em>Mercado de la Cebada<\/em> streifte mich der Gedanke, dass es ein\u00a0<em><strong>Markt-Blog<\/strong><\/em> ist, der der Welt noch fehlen k\u00f6nnte. <em>&#8220;Die Welt der regionalen M\u00e4rkte&#8221;<\/em>\u00a0Und eine Reise f\u00e4nde ich gut, die sich ausschlie\u00dflich M\u00e4rkten widmet. Eine <em><strong>Markt-Reise<\/strong><\/em>: T\u00e4gliche und Wochenm\u00e4rkten, Bauern- und ein bisschen Tr\u00f6delm\u00e4rkte. Ganz sicher Fachm\u00e4rkte der Landwirtschaft z. B. f\u00fcr den Kuh- und Pferdehandel, regionale Basare und M\u00e4rkte an L\u00e4ndergrenzen. In Hallen und auf Pl\u00e4tzen.<br \/>\nM\u00e4rkte finde ich anziehend. Besonders wenn sie f\u00fcr die Bev\u00f6lkerung aus der Umgebung sind. Nope Nippes \u2013 es sei denn wegen der einheimischen Nachfrage!<\/p>\n<p>Ausserdem gesehen: dunkle Croissants. Croissants aus Vollkornmehl?<\/p>\n<p>ps: einen Tag sp\u00e4ter hat sich das Marktinteresse ein wenig gelegt. Schweine- und H\u00fchnerallerlei im <em>Mercado de la Paz<\/em> und <em>Mercado de Ant\u00f3n Mart\u00edn<\/em> trugen zur Gew\u00f6hnung bei.<br \/>\n<strong>Ein Prosit den Damen und Herren<\/strong>, die die Produkte zubereiten k\u00f6nnen!<\/p>\n<p><img decoding=\"async\" class=\"ngg_displayed_gallery mceItem\" alt=\"\" src=\"http:\/\/heidesch.de\/blog\/index.php\/nextgen-attach_to_post\/preview\/id--781\" \/><\/p>\n","protected":false},"excerpt":{"rendered":"<p>Was vom gestrigen Tag \u00fcbrig blieb sind diese Erinnerungen&#8230; Beim Umsteigen an der Station Nuevos Ministerios fiel mir auf, dass ich beim Warten auf die Metro die H\u00e4nde diamantenf\u00f6rmig zusammengelegt hatte. Eine gestische Aufarbeitung der Wahl am vorherigen Sonntag? Sp\u00e4ter im Mercado de la Cebada streifte mich der Gedanke, dass es ein\u00a0Markt-Blog ist, der der [&hellip;]<\/p>\n","protected":false},"author":2,"featured_media":0,"comment_status":"closed","ping_status":"closed","sticky":false,"template":"","format":"standard","meta":{"footnotes":""},"categories":[2],"tags":[24,34,115,116,131,159],"class_list":["post-520","post","type-post","status-publish","format-standard","hentry","category-reise","tag-basar","tag-blog","tag-madrid","tag-markt","tag-politik","tag-spanien"],"_links":{"self":[{"href":"https:\/\/heidesch.de\/blog\/index.php?rest_route=\/wp\/v2\/posts\/520","targetHints":{"allow":["GET"]}}],"collection":[{"href":"https:\/\/heidesch.de\/blog\/index.php?rest_route=\/wp\/v2\/posts"}],"about":[{"href":"https:\/\/heidesch.de\/blog\/index.php?rest_route=\/wp\/v2\/types\/post"}],"author":[{"embeddable":true,"href":"https:\/\/heidesch.de\/blog\/index.php?rest_route=\/wp\/v2\/users\/2"}],"replies":[{"embeddable":true,"href":"https:\/\/heidesch.de\/blog\/index.php?rest_route=%2Fwp%2Fv2%2Fcomments&post=520"}],"version-history":[{"count":8,"href":"https:\/\/heidesch.de\/blog\/index.php?rest_route=\/wp\/v2\/posts\/520\/revisions"}],"predecessor-version":[{"id":783,"href":"https:\/\/heidesch.de\/blog\/index.php?rest_route=\/wp\/v2\/posts\/520\/revisions\/783"}],"wp:attachment":[{"href":"https:\/\/heidesch.de\/blog\/index.php?rest_route=%2Fwp%2Fv2%2Fmedia&parent=520"}],"wp:term":[{"taxonomy":"category","embeddable":true,"href":"https:\/\/heidesch.de\/blog\/index.php?rest_route=%2Fwp%2Fv2%2Fcategories&post=520"},{"taxonomy":"post_tag","embeddable":true,"href":"https:\/\/heidesch.de\/blog\/index.php?rest_route=%2Fwp%2Fv2%2Ftags&post=520"}],"curies":[{"name":"wp","href":"https:\/\/api.w.org\/{rel}","templated":true}]}}