{"id":48,"date":"2011-09-01T00:00:07","date_gmt":"2011-09-01T00:00:07","guid":{"rendered":"http:\/\/localhost:8888\/wordpress\/?p=48"},"modified":"2016-12-22T17:09:36","modified_gmt":"2016-12-22T17:09:36","slug":"gluck","status":"publish","type":"post","link":"https:\/\/heidesch.de\/blog\/?p=48","title":{"rendered":"B\u00e4r, St\u00f6r, Gl\u00fcck"},"content":{"rendered":"<div id=\"attachment_4042\" style=\"width: 1040px\" class=\"wp-caption alignnone\"><img loading=\"lazy\" decoding=\"async\" aria-describedby=\"caption-attachment-4042\" class=\"wp-image-4042 size-full\" src=\"http:\/\/heidesch.de\/blog\/wp-content\/uploads\/2011\/09\/20150401-AffeVsGlueck1_BLOG.jpg\" alt=\"Affe - Was ist Gl\u00fcck?\" width=\"1030\" height=\"772\" srcset=\"https:\/\/heidesch.de\/blog\/wp-content\/uploads\/2011\/09\/20150401-AffeVsGlueck1_BLOG.jpg 1030w, https:\/\/heidesch.de\/blog\/wp-content\/uploads\/2011\/09\/20150401-AffeVsGlueck1_BLOG-300x225.jpg 300w, https:\/\/heidesch.de\/blog\/wp-content\/uploads\/2011\/09\/20150401-AffeVsGlueck1_BLOG-1024x768.jpg 1024w, https:\/\/heidesch.de\/blog\/wp-content\/uploads\/2011\/09\/20150401-AffeVsGlueck1_BLOG-624x468.jpg 624w\" sizes=\"auto, (max-width: 1030px) 100vw, 1030px\" \/><p id=\"caption-attachment-4042\" class=\"wp-caption-text\">Unterschiedliche Ansichten zum\u00a0Gl\u00fcck<\/p><\/div>\n<p>Es\u00a0hat sich dieses Bildmotiv ins Ged\u00e4chtnis gegraben: <span style=\"color: #ed971e;\">Ein\u00a0Affen- oder B\u00e4renkopf seelig hinter K\u00e4figst\u00e4ben<\/span> im Tierpark. Auf einem Schild davor steht <strong>Was ist Gl\u00fcck?\u00a0<\/strong>Im Hintergrund vielleicht eine Schubkarre mit Futter.\u00a0Als Variante: <span style=\"color: #ed971e;\">Eine Person im Vogelbauer<\/span> k\u00f6rnerf\u00fctternd.<\/p>\n","protected":false},"excerpt":{"rendered":"<p>Es\u00a0hat sich dieses Bildmotiv ins Ged\u00e4chtnis gegraben: Ein\u00a0Affen- oder B\u00e4renkopf seelig hinter K\u00e4figst\u00e4ben im Tierpark. Auf einem Schild davor steht Was ist Gl\u00fcck?\u00a0Im Hintergrund vielleicht eine Schubkarre mit Futter.\u00a0Als Variante: Eine Person im Vogelbauer k\u00f6rnerf\u00fctternd.<\/p>\n","protected":false},"author":2,"featured_media":0,"comment_status":"closed","ping_status":"open","sticky":false,"template":"","format":"standard","meta":{"footnotes":""},"categories":[5],"tags":[12,23,64,74,99,185,196,213],"class_list":["post-48","post","type-post","status-publish","format-standard","hentry","category-bild","tag-affe","tag-bar","tag-futter","tag-gluck","tag-konzept","tag-tiere","tag-vogel","tag-zugang"],"_links":{"self":[{"href":"https:\/\/heidesch.de\/blog\/index.php?rest_route=\/wp\/v2\/posts\/48","targetHints":{"allow":["GET"]}}],"collection":[{"href":"https:\/\/heidesch.de\/blog\/index.php?rest_route=\/wp\/v2\/posts"}],"about":[{"href":"https:\/\/heidesch.de\/blog\/index.php?rest_route=\/wp\/v2\/types\/post"}],"author":[{"embeddable":true,"href":"https:\/\/heidesch.de\/blog\/index.php?rest_route=\/wp\/v2\/users\/2"}],"replies":[{"embeddable":true,"href":"https:\/\/heidesch.de\/blog\/index.php?rest_route=%2Fwp%2Fv2%2Fcomments&post=48"}],"version-history":[{"count":10,"href":"https:\/\/heidesch.de\/blog\/index.php?rest_route=\/wp\/v2\/posts\/48\/revisions"}],"predecessor-version":[{"id":5488,"href":"https:\/\/heidesch.de\/blog\/index.php?rest_route=\/wp\/v2\/posts\/48\/revisions\/5488"}],"wp:attachment":[{"href":"https:\/\/heidesch.de\/blog\/index.php?rest_route=%2Fwp%2Fv2%2Fmedia&parent=48"}],"wp:term":[{"taxonomy":"category","embeddable":true,"href":"https:\/\/heidesch.de\/blog\/index.php?rest_route=%2Fwp%2Fv2%2Fcategories&post=48"},{"taxonomy":"post_tag","embeddable":true,"href":"https:\/\/heidesch.de\/blog\/index.php?rest_route=%2Fwp%2Fv2%2Ftags&post=48"}],"curies":[{"name":"wp","href":"https:\/\/api.w.org\/{rel}","templated":true}]}}