{"id":4344,"date":"2015-06-09T19:05:19","date_gmt":"2015-06-09T19:05:19","guid":{"rendered":"http:\/\/heidesch.de\/blog\/?p=4344"},"modified":"2015-08-24T19:10:32","modified_gmt":"2015-08-24T19:10:32","slug":"spaziergange-in-neapel","status":"publish","type":"post","link":"https:\/\/heidesch.de\/blog\/?p=4344","title":{"rendered":"Gesten- und Mienenspiele in Neapel"},"content":{"rendered":"<p>Eine musikalische Nachsorge zur Neapelreise mit Rudi Schurickes Capri-Fischern.<br \/>\n<span class=\"Apple-style-span\">&#8230;<em>uuuuh aaaah<\/em>\u00a0und der Hintergrund-Chor so <em>aaaah uuuuh<\/em>&#8230;<\/span><\/p>\n<p><iframe loading=\"lazy\" src=\"https:\/\/www.youtube.com\/embed\/WStnedpKMgA\" width=\"420\" height=\"315\" frameborder=\"0\" allowfullscreen=\"allowfullscreen\"><\/iframe><\/p>\n<p><span class=\"Apple-style-span\">Neapel-Spazierg\u00e4nge: Vom\u00a0<strong><em>Castell San&#8217;t Elmo<\/em><\/strong>\u00a0gibt es einen herrlichen Rundblick \u00fcber die Stadt und nach Capri. |\u00a0Die\u00a0<em><strong>Spaccanapoli<\/strong>\u00a0entlang schlendern<\/em>\u00a0vom Fusse des Montecalvaria bis zum Hauptbahnhof an der Piazza Garibaldi. &#8230;und immer wieder in die Seitenstrassen abbiegen und mindestens in jede zweite Kirche, ne! Einfach treiben lassen: Kopf hoch, Augen nach links und rechts, Ohren auf: zu melodisch gef\u00fchrten\u00a0Dialogen gibt es dramatische\u00a0Handgesten reichlich! Strassentheater! |\u00a0Im\u00a0<strong><em>Quartieri Spagnoli<\/em><\/strong>\u00a0und dem Viertel\u00a0<em>Stella (<strong>Sanit\u00e1<\/strong>)<\/em>\u00a0verlaufen. Im Viertel Stella befindet sich\u00a0im Norden\u00a0der\u00a0<strong><em>Park Capodimonte<\/em><\/strong>\u00a0mit dem\u00a0<em><strong>Museo Capodimonte<\/strong>,\u00a0<\/em>weiter unten <strong>der <em>Cimitero\u00a0delle Fontanelle\u00a0<\/em><\/strong>und im S\u00fcden die\u00a0riesige ehemalige\u00a0<strong><em>Armenherberge<\/em><\/strong>\u00a0neben dem\u00a0botanischen Garten. |\u00a0Vom\u00a0<strong><em>Park Virgilliano<\/em><\/strong>\u00a0im Westen der Stadt gibt es\u00a0feine Blicke nach S\u00fcden zu den Inseln\u00a0Procida und Ischia und nach Westen auf ein ehemaliges Industriegebiet. |\u00a0Der Weg vom Park\u00a0Virgilliano nach\u00a0<strong><em>Bagnoli<\/em><\/strong>\u00a0f\u00fchrt vorbei an diesem\u00a0Industriegebiet. Sch\u00f6n, die Fahrt zur\u00fcck in die Stadt mit der\u00a0Retro-Metro. Graffiti im\u00a0Beat Street\u00a0Stil der 80er Jahre.<\/span><\/p>\n<p>Neapel-Notizen: Besonders im spanischen Viertel sitzt <em>der Finger lose an der Hupe<\/em>. Es ist\u00a0sicher <em>die Freude am Strassenverkehr<\/em> weiterhin teilzunehmen, obgleich\u00a0das kleine Gef\u00e4hrt\u00a0schon ziemlich gepflastert ist. Oftmals sind die Wagen rechts\u00a0vorne nicht mehr original. Wegen\u00a0permanenter \u00dcbersch\u00e4tzung des Fahrzeugl\u00e4nge? Eine Fotoreihe\u00a0mit\u00a0<a href=\"http:\/\/heidesch.de\/blog\/?p=4326\">Varianten autoaggressiven Verhaltens<\/a>\u00a0ist <span class=\"Apple-style-span\">im Universit\u00e4tsviertel\u00a0<\/span>schnell im Kasten! | Achtung drei Kalauer:\u00a0Verhaltensweise\u00a0italienischer Inselbewohner? Caprizi\u00f6s. Tusch! | S\u00fcditalienisches Schlaginstrument? Die Capriole. Tusch! |\u00a0Ein Rabe flog\u00a0an den Felsw\u00e4nden des Parkes Virgilliano entlang und machte einen auf Adler. Die Mischung von\u00a0Rabe und Adler? Tusch! Und fertig. |\u00a0Da hat in Neapel jemand\u00a0im Vertrieb alles richtig gemacht. \u00dcber 90% der Gummib\u00e4lle mit denen die Kinder hier spielen sind von derselben\u00a0Marke. Viele Strassenkicker gibt es in Neapel. Nice! | Sattsehen an\u00a0<em>Marmorintarsien<\/em> in den Kirchen (z. B. in der Chiesa Gesu Nuovo)! | Scherenwege:\u00a0<span class=\"Apple-style-span\">Auf die Frage nach einer Schere gab es die Antwort\u00a0<em>We have had ten scissors but they all were\u00a0stolen.<\/em> Zehn Scheren aus einer\u00a0neapolitanischen Herberge befinden sich auf der Welt verstreut. |\u00a0<\/span>Auf dem Vesuv kann man an\u00a0kleinen\u00a0Kiosken Wein aus der Region\u00a0kaufen. Ein komisches Souvenirsortiment\u00a0wird auf den Vulkan getragen. | <span class=\"Apple-style-span\">T\u00e4glich gibt es F\u00e4hren nach Capri, Procida und\u00a0Ischia. Zu einer \u00dcberfahrt nach Capri hat die Zeit leider nicht gereicht, um\u00a0<em>Caprisonne<\/em> zu genie\u00dfen. | Eine Idee f\u00fcr eine Doppel-LP: Deutsche Volkslieder mit ausl\u00e4ndischen Akzenten gesungen |\u00a0<\/span>Die Erfindung des Bio-Tattoos f\u00fcr den Herrn: Bart abnehmen im Hochsommer. <a href=\"http:\/\/heidesch.de\/blog\/?p=4348\">Blass wird Rot wird Braun<\/a>. | Variante Tribal Bio-Tattoo:\u00a0Schablone mit\u00a0Tribal\u00a0auf den K\u00f6rper\u00a0legen und ihn dann der Sonne aussetzen. | Was dem Neapolitaner an Ausdrucksf\u00e4higkeit in die H\u00e4nde gewandert ist, muss aus dem Gesicht gekommen sein. Dort herrscht\u00a0Starre. Die Ausdrucksbilanz ist damit ausgeglichen. | <span class=\"Apple-style-span\">Auf\u00a0die Schnelle wurde am letzten Tage nach dem Duschen\u00a0<em>das Schalhandtuch<\/em>\u00a0erfunden. |\u00a0<\/span>Schie\u00dfen und Seufzen: Wenn jede\u00a0Sehensw\u00fcrdigkeit\u00a0beim Abfotografieren einmal leis seufzte, g\u00e4be es\u00a0ein feines Seufzerkonzert &#8230;z. B. am Mail\u00e4nder Dom.<\/p>\n<div id=\"attachment_4379\" style=\"width: 1010px\" class=\"wp-caption alignnone\"><img loading=\"lazy\" decoding=\"async\" aria-describedby=\"caption-attachment-4379\" class=\"wp-image-4379 size-full\" src=\"http:\/\/heidesch.de\/blog\/wp-content\/uploads\/2015\/06\/DSCN1309.jpg\" alt=\"DSCN1309\" width=\"1000\" height=\"563\" srcset=\"https:\/\/heidesch.de\/blog\/wp-content\/uploads\/2015\/06\/DSCN1309.jpg 1000w, https:\/\/heidesch.de\/blog\/wp-content\/uploads\/2015\/06\/DSCN1309-300x169.jpg 300w, https:\/\/heidesch.de\/blog\/wp-content\/uploads\/2015\/06\/DSCN1309-624x351.jpg 624w\" sizes=\"auto, (max-width: 1000px) 100vw, 1000px\" \/><p id=\"caption-attachment-4379\" class=\"wp-caption-text\">Fruchtbonbonfarbene Tr\u00e4ume hinter br\u00f6ckelnden Fassaden an der\u00a0Piazza Garibaldi<\/p><\/div>\n","protected":false},"excerpt":{"rendered":"<p>Eine musikalische Nachsorge zur Neapelreise mit Rudi Schurickes Capri-Fischern. &#8230;uuuuh aaaah\u00a0und der Hintergrund-Chor so aaaah uuuuh&#8230; Neapel-Spazierg\u00e4nge: Vom\u00a0Castell San&#8217;t Elmo\u00a0gibt es einen herrlichen Rundblick \u00fcber die Stadt und nach Capri. |\u00a0Die\u00a0Spaccanapoli\u00a0entlang schlendern\u00a0vom Fusse des Montecalvaria bis zum Hauptbahnhof an der Piazza Garibaldi. &#8230;und immer wieder in die Seitenstrassen abbiegen und mindestens in jede zweite Kirche, [&hellip;]<\/p>\n","protected":false},"author":2,"featured_media":0,"comment_status":"closed","ping_status":"closed","sticky":false,"template":"","format":"standard","meta":{"footnotes":""},"categories":[2],"tags":[1915,1913,1924,1916,1922,1146,1905,1926,1917,1912,1918,1921,139,1925,1914,1923],"class_list":["post-4344","post","type-post","status-publish","format-standard","hentry","category-reise","tag-capodimonte","tag-capri","tag-fontanelle","tag-geste","tag-ischia","tag-italien","tag-kirche","tag-marmor","tag-mimik","tag-neapel","tag-pizza","tag-procida","tag-reise-2","tag-sanita","tag-vesuv","tag-virgilliano"],"_links":{"self":[{"href":"https:\/\/heidesch.de\/blog\/index.php?rest_route=\/wp\/v2\/posts\/4344","targetHints":{"allow":["GET"]}}],"collection":[{"href":"https:\/\/heidesch.de\/blog\/index.php?rest_route=\/wp\/v2\/posts"}],"about":[{"href":"https:\/\/heidesch.de\/blog\/index.php?rest_route=\/wp\/v2\/types\/post"}],"author":[{"embeddable":true,"href":"https:\/\/heidesch.de\/blog\/index.php?rest_route=\/wp\/v2\/users\/2"}],"replies":[{"embeddable":true,"href":"https:\/\/heidesch.de\/blog\/index.php?rest_route=%2Fwp%2Fv2%2Fcomments&post=4344"}],"version-history":[{"count":24,"href":"https:\/\/heidesch.de\/blog\/index.php?rest_route=\/wp\/v2\/posts\/4344\/revisions"}],"predecessor-version":[{"id":4633,"href":"https:\/\/heidesch.de\/blog\/index.php?rest_route=\/wp\/v2\/posts\/4344\/revisions\/4633"}],"wp:attachment":[{"href":"https:\/\/heidesch.de\/blog\/index.php?rest_route=%2Fwp%2Fv2%2Fmedia&parent=4344"}],"wp:term":[{"taxonomy":"category","embeddable":true,"href":"https:\/\/heidesch.de\/blog\/index.php?rest_route=%2Fwp%2Fv2%2Fcategories&post=4344"},{"taxonomy":"post_tag","embeddable":true,"href":"https:\/\/heidesch.de\/blog\/index.php?rest_route=%2Fwp%2Fv2%2Ftags&post=4344"}],"curies":[{"name":"wp","href":"https:\/\/api.w.org\/{rel}","templated":true}]}}