{"id":3862,"date":"2015-02-24T15:12:45","date_gmt":"2015-02-24T15:12:45","guid":{"rendered":"http:\/\/heidesch.de\/blog\/?p=3862"},"modified":"2016-12-22T20:06:28","modified_gmt":"2016-12-22T20:06:28","slug":"spaziergang-durch-rom","status":"publish","type":"post","link":"https:\/\/heidesch.de\/blog\/?p=3862","title":{"rendered":"Ein Spaziergang durch Rom"},"content":{"rendered":"<div><img decoding=\"async\" class=\"ngg_displayed_gallery mceItem\" src=\"http:\/\/heidesch.de\/blog\/index.php\/nextgen-attach_to_post\/preview\/id--3863\" alt=\"\" data-mce-placeholder=\"1\"><\/div>\n<p>Das bekannte Rom<\/p>\n<p>Mit einigen&nbsp;lokalen Tipps ausger\u00fcstet ging es am Samstag durch Rom. <!--more--><\/p>\n<hr>\n<p>Von der <em>Stazione Termini<\/em> \u00fcber den <a title=\"Mercati di Roma (Italian)\" href=\"http:\/\/www.mercatidiroma.com\/mercati\/nuovo-mercato-esquilino\" target=\"_blank\"><span class=\"Apple-style-span\">Nuovo&nbsp;<\/span>Mercato Esquilino<\/a>&nbsp;an der Via Prinicipe Amedeo zur <em>Basilica de San Giovanni in Laterano<\/em>. In einem kleinen Park an der <em>Italienischen Geografischen Gesellschaft<\/em> vorbei zur&nbsp;Kirche&nbsp;<em>Santi Giovanni e Paolo<\/em>. Der Palatin-H\u00fcgel in der Sonne &#8211;&nbsp;Che&nbsp;buona giornata!&nbsp;Am <em>Arco di Gianto<\/em>&nbsp;befindet sich eine <em>Markthalle<\/em> mit regionalen Landwirtschaftsprodukten*&nbsp;<a title=\"Mercato di Campagna Amica del Circo Massimo\" href=\"http:\/\/www.mercatocircomassimo.it\/\" target=\"_blank\">Campagna Amica<\/a>. *Schade hier: die deutsche Sprache. Sch\u00f6n da: die Sitte des Weines zum Essen! In einer Mischung aus essensgest\u00e4rkt und weintaub einen Blick \u00fcber das <em>Forum Romanum<\/em> und weiter zum Kapitolsh\u00fcgel mit &#8230;so vielen Sehensw\u00fcrdigkeiten. Zum Beispiel dem&nbsp;<em>Musei Capitolini<\/em>. Unwissenheit meinerseits und Desinteresse&nbsp;der Sicherheitsexperten&nbsp;f\u00fchrten zu&nbsp;einem Museumsbesuch ohne Ticket &#8211; sry Stadt Rom! Dann&nbsp;weiter, weiter. Oh so&nbsp;nice. Auf die andere Seite des Tibers&nbsp;hinein in das Viertel&nbsp;<em>Trastevere<\/em> und auf nahezu spazierg\u00e4ngerfreien Pfaden&nbsp;einen H\u00fcgel hinauf zur <em>Piazza San Pietro in Montolio<\/em>: ein Rom-Panorama&nbsp;in der Nebensaison. Unten in Trastevere auf der Piazza vor der&nbsp;<em>Basilica Santa Maria in Trastevere<\/em> streunten mehr von meiner Sorte. Es ging wieder \u00fcber den Tiber in das Zentrum der Altstadt: auf dem <em>Campo de Fiori<\/em> wurden die Marktst\u00e4nde schon abgebaut. Kellner empfahlen mit ihren Menukarten dem Anflug eines Gef\u00fchls&nbsp;von Hunger und Durst zuvorzukommen. Feinstens auf Englisch. Es fehlt sogar die italienische Sitte an die Worte ein E anzuh\u00e4ngen-e. &#8230;streun ick weiter zur <em>Piazza Navona<\/em>. Der R\u00f6mischste aller Pl\u00e4tze&nbsp;soll es sein. Der&nbsp;Nachmittag inzwischen feuchtklam. Die Piazza ist teilweise baustellenverplant. Der Nieselregen kann ihrer Eleganz jedoch nichts anhaben. Sie hat mehr als einen Hauch davon! Dann liegt wieder der Tiber vor mir. Ein Br\u00fcckenabschnitt will auf der Vatikanseite in Richtung Norden gelaufen sein. Die D\u00e4mmerung k\u00fcndigt sich an und es steht eine Empfehlung aus:&nbsp;<em>Tiramisu to go<\/em> aus der <a title=\"Bar Pompi - Tiramisu\" href=\"http:\/\/www.barpompi.it\/\" target=\"_blank\">Bar Pompi<\/a> an der Via de la Croce mitnehmen und auf dem&nbsp;Ausblick \u00fcber der <em>Piazza del Popolo<\/em> schlemmen. Einen Sonnenuntergang \u00fcber Rom gibt es an dem Tag dann wirklich zu sehen. Im <em>Park der Villa Borghese<\/em> treffen sich sp\u00e4ter im Mondschein die Jungen zu &#8211; beinahe &#8211;&nbsp;aufsichtslosen Liebeleien. Da gilt es&nbsp;keine zarten&nbsp;Triebe zu st\u00f6ren. Es bleibt der&nbsp;Abstieg vom Park Borghese. Der R\u00fcckweg zur Stazione Termini&nbsp;mit der Metro atemberaubend flott&nbsp;im Vergleich zur Spaziergeschwindigkeit am&nbsp;Tage. Abends laden die <em>Pizzaria Il&nbsp;Tettarello<\/em>&nbsp;an der Via dei Capocci und&nbsp;die <a title=\"Trattoria Vecchia Roma\" href=\"http:\/\/www.trattoriavecchiaroma.it\/\" target=\"_blank\">Trattoria Vecchia Roma<\/a> in der Via Ferruccio ein. Beide Empfehlungen m\u00fcssen noch einen Tag warten. Der Spaziergang&nbsp;in Rom war ausreichend. &#8230;und ist nun schon wieder eine Wiederholung wert!<\/p>\n<div><img decoding=\"async\" class=\"ngg_displayed_gallery mceItem\" src=\"http:\/\/heidesch.de\/blog\/index.php\/nextgen-attach_to_post\/preview\/id--3864\" alt=\"\" data-mce-placeholder=\"1\"><\/div>\n<p>Seitenblicke<\/p>\n","protected":false},"excerpt":{"rendered":"<p>Das bekannte Rom Mit einigen&nbsp;lokalen Tipps ausger\u00fcstet ging es am Samstag durch Rom.<\/p>\n","protected":false},"author":2,"featured_media":0,"comment_status":"closed","ping_status":"closed","sticky":false,"template":"","format":"standard","meta":{"footnotes":""},"categories":[2,4],"tags":[457,1873,1695,161],"class_list":["post-3862","post","type-post","status-publish","format-standard","hentry","category-reise","category-tipp","tag-ausflug","tag-papst","tag-rom","tag-spaziergang"],"_links":{"self":[{"href":"https:\/\/heidesch.de\/blog\/index.php?rest_route=\/wp\/v2\/posts\/3862","targetHints":{"allow":["GET"]}}],"collection":[{"href":"https:\/\/heidesch.de\/blog\/index.php?rest_route=\/wp\/v2\/posts"}],"about":[{"href":"https:\/\/heidesch.de\/blog\/index.php?rest_route=\/wp\/v2\/types\/post"}],"author":[{"embeddable":true,"href":"https:\/\/heidesch.de\/blog\/index.php?rest_route=\/wp\/v2\/users\/2"}],"replies":[{"embeddable":true,"href":"https:\/\/heidesch.de\/blog\/index.php?rest_route=%2Fwp%2Fv2%2Fcomments&post=3862"}],"version-history":[{"count":16,"href":"https:\/\/heidesch.de\/blog\/index.php?rest_route=\/wp\/v2\/posts\/3862\/revisions"}],"predecessor-version":[{"id":5606,"href":"https:\/\/heidesch.de\/blog\/index.php?rest_route=\/wp\/v2\/posts\/3862\/revisions\/5606"}],"wp:attachment":[{"href":"https:\/\/heidesch.de\/blog\/index.php?rest_route=%2Fwp%2Fv2%2Fmedia&parent=3862"}],"wp:term":[{"taxonomy":"category","embeddable":true,"href":"https:\/\/heidesch.de\/blog\/index.php?rest_route=%2Fwp%2Fv2%2Fcategories&post=3862"},{"taxonomy":"post_tag","embeddable":true,"href":"https:\/\/heidesch.de\/blog\/index.php?rest_route=%2Fwp%2Fv2%2Ftags&post=3862"}],"curies":[{"name":"wp","href":"https:\/\/api.w.org\/{rel}","templated":true}]}}