{"id":3766,"date":"2015-03-09T22:34:33","date_gmt":"2015-03-09T22:34:33","guid":{"rendered":"http:\/\/heidesch.de\/blog\/?p=3766"},"modified":"2015-04-14T17:47:34","modified_gmt":"2015-04-14T17:47:34","slug":"tobias-gottesfrage","status":"publish","type":"post","link":"https:\/\/heidesch.de\/blog\/?p=3766","title":{"rendered":"Tobias stellt die Gottesfrage"},"content":{"rendered":"<p><em>&#8220;Vater, ist das der liebe Gott?&#8221; fragte der Kleine pl\u00f6tzlich, auf ein braunes Eichh\u00f6rnchen deutend, das unter kratzenden Ger\u00e4uschen am Stamme einer alleinstehenden Kiefer hinanhuschte.<br \/>\n<\/em>Aus\u00a0Bahnw\u00e4rter Thiel von\u00a0<span class=\"Apple-style-span\">Gerhart Hauptmann<\/span><\/p>\n<p><img loading=\"lazy\" decoding=\"async\" class=\"alignnone wp-image-4141 size-full\" src=\"http:\/\/heidesch.de\/blog\/wp-content\/uploads\/2015\/03\/20150310-EichhornGott1-BLOG.jpg\" alt=\"Eichh\u00f6rnchen als Gott\" width=\"1000\" height=\"656\" srcset=\"https:\/\/heidesch.de\/blog\/wp-content\/uploads\/2015\/03\/20150310-EichhornGott1-BLOG.jpg 1000w, https:\/\/heidesch.de\/blog\/wp-content\/uploads\/2015\/03\/20150310-EichhornGott1-BLOG-300x197.jpg 300w, https:\/\/heidesch.de\/blog\/wp-content\/uploads\/2015\/03\/20150310-EichhornGott1-BLOG-624x409.jpg 624w\" sizes=\"auto, (max-width: 1000px) 100vw, 1000px\" \/><\/p>\n","protected":false},"excerpt":{"rendered":"<p>&#8220;Vater, ist das der liebe Gott?&#8221; fragte der Kleine pl\u00f6tzlich, auf ein braunes Eichh\u00f6rnchen deutend, das unter kratzenden Ger\u00e4uschen am Stamme einer alleinstehenden Kiefer hinanhuschte. Aus\u00a0Bahnw\u00e4rter Thiel von\u00a0Gerhart Hauptmann<\/p>\n","protected":false},"author":2,"featured_media":0,"comment_status":"closed","ping_status":"closed","sticky":false,"template":"","format":"standard","meta":{"footnotes":""},"categories":[4,5],"tags":[1870,1868,1869,75,112,251,194],"class_list":["post-3766","post","type-post","status-publish","format-standard","hentry","category-tipp","category-bild","tag-bahnwarter-thiel","tag-eichhornchen","tag-gerhart-hauptmann","tag-gott","tag-literatur","tag-tier","tag-vermutung"],"_links":{"self":[{"href":"https:\/\/heidesch.de\/blog\/index.php?rest_route=\/wp\/v2\/posts\/3766","targetHints":{"allow":["GET"]}}],"collection":[{"href":"https:\/\/heidesch.de\/blog\/index.php?rest_route=\/wp\/v2\/posts"}],"about":[{"href":"https:\/\/heidesch.de\/blog\/index.php?rest_route=\/wp\/v2\/types\/post"}],"author":[{"embeddable":true,"href":"https:\/\/heidesch.de\/blog\/index.php?rest_route=\/wp\/v2\/users\/2"}],"replies":[{"embeddable":true,"href":"https:\/\/heidesch.de\/blog\/index.php?rest_route=%2Fwp%2Fv2%2Fcomments&post=3766"}],"version-history":[{"count":9,"href":"https:\/\/heidesch.de\/blog\/index.php?rest_route=\/wp\/v2\/posts\/3766\/revisions"}],"predecessor-version":[{"id":4143,"href":"https:\/\/heidesch.de\/blog\/index.php?rest_route=\/wp\/v2\/posts\/3766\/revisions\/4143"}],"wp:attachment":[{"href":"https:\/\/heidesch.de\/blog\/index.php?rest_route=%2Fwp%2Fv2%2Fmedia&parent=3766"}],"wp:term":[{"taxonomy":"category","embeddable":true,"href":"https:\/\/heidesch.de\/blog\/index.php?rest_route=%2Fwp%2Fv2%2Fcategories&post=3766"},{"taxonomy":"post_tag","embeddable":true,"href":"https:\/\/heidesch.de\/blog\/index.php?rest_route=%2Fwp%2Fv2%2Ftags&post=3766"}],"curies":[{"name":"wp","href":"https:\/\/api.w.org\/{rel}","templated":true}]}}