{"id":3756,"date":"2015-02-06T10:28:45","date_gmt":"2015-02-06T10:28:45","guid":{"rendered":"http:\/\/heidesch.de\/blog\/?p=3756"},"modified":"2015-03-31T22:05:26","modified_gmt":"2015-03-31T22:05:26","slug":"mit-dolce-gabana-am-maidan-we-want-to-be-free","status":"publish","type":"post","link":"https:\/\/heidesch.de\/blog\/?p=3756","title":{"rendered":"Markig am Maidan"},"content":{"rendered":"<p style=\"text-align: left;\"><img loading=\"lazy\" decoding=\"async\" class=\" wp-image-4037 alignright\" src=\"http:\/\/heidesch.de\/blog\/wp-content\/uploads\/2015\/02\/20150331-MaidanDolceGabana_BLOG-300x218.jpg\" alt=\"Markig am Maidan\" width=\"290\" height=\"211\" style=\"border:none\" srcset=\"https:\/\/heidesch.de\/blog\/wp-content\/uploads\/2015\/02\/20150331-MaidanDolceGabana_BLOG-300x218.jpg 300w, https:\/\/heidesch.de\/blog\/wp-content\/uploads\/2015\/02\/20150331-MaidanDolceGabana_BLOG-624x454.jpg 624w, https:\/\/heidesch.de\/blog\/wp-content\/uploads\/2015\/02\/20150331-MaidanDolceGabana_BLOG.jpg 908w\" sizes=\"auto, (max-width: 290px) 100vw, 290px\" \/><span class=\"Apple-style-span\">Es bleibt\u00a0mir\u00a0ein\u00a0Bild\u00a0aus dem Jahr\u00a02014 von einer Frau am Maidan\u00a0im\u00a0Kopf. Sie\u00a0erz\u00e4hlt\u00a0einem\u00a0Reporter, warum sie an der Revolution in Kiew teilnimmt.\u00a0Das Bild: Eine wollm\u00fctzetragende Person mit\u00a0einer \u00fcbergro\u00dfen\u00a0<em>D&amp;G Stickerei auf der Stirn<\/em>.\u00a0Das Wort:\u00a0<em>Wir k\u00e4mpfen f\u00fcr die Freiheit! Wir wollen zum Westen geh\u00f6ren!\u00a0<\/em>Im Hintergrund die verru\u00dfte Fassade des Gewerkschaftshauses.\u00a0<\/span><\/p>\n","protected":false},"excerpt":{"rendered":"<p>Es bleibt\u00a0mir\u00a0ein\u00a0Bild\u00a0aus dem Jahr\u00a02014 von einer Frau am Maidan\u00a0im\u00a0Kopf. Sie\u00a0erz\u00e4hlt\u00a0einem\u00a0Reporter, warum sie an der Revolution in Kiew teilnimmt.\u00a0Das Bild: Eine wollm\u00fctzetragende Person mit\u00a0einer \u00fcbergro\u00dfen\u00a0D&amp;G Stickerei auf der Stirn.\u00a0Das Wort:\u00a0Wir k\u00e4mpfen f\u00fcr die Freiheit! Wir wollen zum Westen geh\u00f6ren!\u00a0Im Hintergrund die verru\u00dfte Fassade des Gewerkschaftshauses.\u00a0<\/p>\n","protected":false},"author":2,"featured_media":0,"comment_status":"closed","ping_status":"closed","sticky":false,"template":"","format":"standard","meta":{"footnotes":""},"categories":[2,5],"tags":[55,1014,1866,1864,1865,1867],"class_list":["post-3756","post","type-post","status-publish","format-standard","hentry","category-reise","category-bild","tag-europa","tag-flucht","tag-krieg","tag-motive","tag-revolution","tag-ukraine"],"_links":{"self":[{"href":"https:\/\/heidesch.de\/blog\/index.php?rest_route=\/wp\/v2\/posts\/3756","targetHints":{"allow":["GET"]}}],"collection":[{"href":"https:\/\/heidesch.de\/blog\/index.php?rest_route=\/wp\/v2\/posts"}],"about":[{"href":"https:\/\/heidesch.de\/blog\/index.php?rest_route=\/wp\/v2\/types\/post"}],"author":[{"embeddable":true,"href":"https:\/\/heidesch.de\/blog\/index.php?rest_route=\/wp\/v2\/users\/2"}],"replies":[{"embeddable":true,"href":"https:\/\/heidesch.de\/blog\/index.php?rest_route=%2Fwp%2Fv2%2Fcomments&post=3756"}],"version-history":[{"count":10,"href":"https:\/\/heidesch.de\/blog\/index.php?rest_route=\/wp\/v2\/posts\/3756\/revisions"}],"predecessor-version":[{"id":4040,"href":"https:\/\/heidesch.de\/blog\/index.php?rest_route=\/wp\/v2\/posts\/3756\/revisions\/4040"}],"wp:attachment":[{"href":"https:\/\/heidesch.de\/blog\/index.php?rest_route=%2Fwp%2Fv2%2Fmedia&parent=3756"}],"wp:term":[{"taxonomy":"category","embeddable":true,"href":"https:\/\/heidesch.de\/blog\/index.php?rest_route=%2Fwp%2Fv2%2Fcategories&post=3756"},{"taxonomy":"post_tag","embeddable":true,"href":"https:\/\/heidesch.de\/blog\/index.php?rest_route=%2Fwp%2Fv2%2Ftags&post=3756"}],"curies":[{"name":"wp","href":"https:\/\/api.w.org\/{rel}","templated":true}]}}