{"id":3571,"date":"2015-01-26T17:34:01","date_gmt":"2015-01-26T17:34:01","guid":{"rendered":"http:\/\/heidesch.de\/blog\/?p=3571"},"modified":"2015-08-24T19:38:09","modified_gmt":"2015-08-24T19:38:09","slug":"next-eh-stop-eh-lido","status":"publish","type":"post","link":"https:\/\/heidesch.de\/blog\/?p=3571","title":{"rendered":"Nexte Stope Lido"},"content":{"rendered":"<p>Eine Woche vor dem Karnevalsbeginn\u00a0teilte ich mir mit\u00a0ausreichend weiteren\u00a0Touristen <span class=\"Apple-style-span\">Venedig<\/span>. In der Hochsaison wird\u00a0man sich hier bestimmt\u00a0international h\u00f6flich\u00a0auf den F\u00fcssen stehen. Und zu jeder Zeit\u00a0kann man sich v<span class=\"Apple-style-span\">erl\u00e4sslich im dicht bebauten Gebiet <em>zwischen Bahnhof und Markusplatz\u00a0<\/em>verlaufen &#8211; in Rialto und San Marco.\u00a0Wenn Zeit und Muse: dann nur jede\u00a0viertel\u00a0Stunde auf\u00a0den Stadtplan schauen\u00a0und \u00fcberrascht sein, wie die Inseln zu\u00a0schwimmen scheinen!\u00a0<\/span><\/p>\n<p>Abseitig, leerer und zuweilen nicht nur postkartensch\u00f6n\u00a0sind\u00a0<em>der\u00a0n\u00f6rdliche\u00a0Bogen<\/em> der zusammenh\u00e4ngenden Laguneninseln und <em>Teile der Ostspitze.<\/em>\u00a0Dort\u00a0befinden sich ein\u00a0Stadion, der Stadthafen, in dem auch Vaporetto-Haltestellen liegen, das\u00a0Biennale-Ausstellungsgel\u00e4nde mit einer sicher erkundenswerten Bibliothek, einige Gr\u00fcnfl\u00e4chen und weitgehend\u00a0touristenfreie\u00a0Wohnviertel. Eine \u00dcberfahrt zum <em>Lido<\/em> und eine spazierg\u00e4ngerische Ann\u00e4herung an das <em>Hotel Excelsior<\/em>\u00a0zu Ehren Thomas Manns: keine vertane Zeit! <span class=\"Apple-style-span\">Das Auge sollte\u00a0allerdings\u00a0gn\u00e4dig \u00fcber den Zustand des Strandes hinwegsehen. <\/span><span style=\"color: #ed971e;\">Seniore Damen\u00a0tragen hier\u00a0ihren Pelz\u00a0beim\u00a0Fahren auf dem Zwei- und Dreirad zur Schau.\u00a0<\/span><\/p>\n<p>Mehr Touri-Punkte: eine Fensterschau auf\u00a0<em>Murano<\/em>, eine H\u00e4userschau auf <em>Burano<\/em> oder ein Besuch des <em>Dogenpalastes<\/em>. Alles was mit Vaporetto-Fahren zu tun hat: Ja!* Die Szenerie um den\u00a0Markusplatz und die Ausstellung im Dogenpalast sind sicher auch <em>eine Beschau<\/em> wert, liessen mich aber\u00a0eher von den verschneiten Bergketten am\u00a0Festlandshorizont tr\u00e4umen.<\/p>\n<p><img decoding=\"async\" class=\"ngg_displayed_gallery mceItem\" src=\"http:\/\/heidesch.de\/blog\/index.php\/nextgen-attach_to_post\/preview\/id--3628\" alt=\"\" \/><\/p>\n<p>Spazierg\u00e4nge durch Venedig, am Lido, auf Murano und Burano<\/p>\n<p><span class=\"Apple-style-span\" style=\"line-height: 14px;\"><img decoding=\"async\" class=\"ngg_displayed_gallery mceItem\" src=\"http:\/\/heidesch.de\/blog\/index.php\/nextgen-attach_to_post\/preview\/id--3629\" alt=\"\" \/><\/span><\/p>\n<p>Venedig offiziell<\/p>\n<p><span class=\"Apple-style-span\">* Die englischen Ansagen von Vaporetto-Haltestellen mit italienischem Akzent sind sehr sympathisch! Sicher klingen Ausl\u00e4ndern die englischen Ansagen in der deutschen Bahn genauso angenehm &#8230;landestypisch.<\/span><\/p>\n","protected":false},"excerpt":{"rendered":"<p>Eine Woche vor dem Karnevalsbeginn\u00a0teilte ich mir mit\u00a0ausreichend weiteren\u00a0Touristen Venedig. In der Hochsaison wird\u00a0man sich hier bestimmt\u00a0international h\u00f6flich\u00a0auf den F\u00fcssen stehen. Und zu jeder Zeit\u00a0kann man sich verl\u00e4sslich im dicht bebauten Gebiet zwischen Bahnhof und Markusplatz\u00a0verlaufen &#8211; in Rialto und San Marco.\u00a0Wenn Zeit und Muse: dann nur jede\u00a0viertel\u00a0Stunde auf\u00a0den Stadtplan schauen\u00a0und \u00fcberrascht sein, wie die [&hellip;]<\/p>\n","protected":false},"author":2,"featured_media":0,"comment_status":"closed","ping_status":"closed","sticky":false,"template":"","format":"standard","meta":{"footnotes":""},"categories":[2],"tags":[457,1855,1852,1146,1849,1851,1854,139,1848,1850,1853,1847],"class_list":["post-3571","post","type-post","status-publish","format-standard","hentry","category-reise","tag-ausflug","tag-bienale","tag-burano","tag-italien","tag-lido","tag-murano","tag-pelz","tag-reise-2","tag-santelena","tag-thomas-mann","tag-vaporetto","tag-venedig"],"_links":{"self":[{"href":"https:\/\/heidesch.de\/blog\/index.php?rest_route=\/wp\/v2\/posts\/3571","targetHints":{"allow":["GET"]}}],"collection":[{"href":"https:\/\/heidesch.de\/blog\/index.php?rest_route=\/wp\/v2\/posts"}],"about":[{"href":"https:\/\/heidesch.de\/blog\/index.php?rest_route=\/wp\/v2\/types\/post"}],"author":[{"embeddable":true,"href":"https:\/\/heidesch.de\/blog\/index.php?rest_route=\/wp\/v2\/users\/2"}],"replies":[{"embeddable":true,"href":"https:\/\/heidesch.de\/blog\/index.php?rest_route=%2Fwp%2Fv2%2Fcomments&post=3571"}],"version-history":[{"count":31,"href":"https:\/\/heidesch.de\/blog\/index.php?rest_route=\/wp\/v2\/posts\/3571\/revisions"}],"predecessor-version":[{"id":4644,"href":"https:\/\/heidesch.de\/blog\/index.php?rest_route=\/wp\/v2\/posts\/3571\/revisions\/4644"}],"wp:attachment":[{"href":"https:\/\/heidesch.de\/blog\/index.php?rest_route=%2Fwp%2Fv2%2Fmedia&parent=3571"}],"wp:term":[{"taxonomy":"category","embeddable":true,"href":"https:\/\/heidesch.de\/blog\/index.php?rest_route=%2Fwp%2Fv2%2Fcategories&post=3571"},{"taxonomy":"post_tag","embeddable":true,"href":"https:\/\/heidesch.de\/blog\/index.php?rest_route=%2Fwp%2Fv2%2Ftags&post=3571"}],"curies":[{"name":"wp","href":"https:\/\/api.w.org\/{rel}","templated":true}]}}