{"id":356,"date":"2013-09-19T06:58:42","date_gmt":"2013-09-19T06:58:42","guid":{"rendered":"http:\/\/localhost:8888\/wordpress\/?p=356"},"modified":"2015-09-21T09:27:44","modified_gmt":"2015-09-21T09:27:44","slug":"schrage-charaktere","status":"publish","type":"post","link":"https:\/\/heidesch.de\/blog\/?p=356","title":{"rendered":"Schr\u00e4ge Charaktere"},"content":{"rendered":"<p><strong>Es gab einmal einen Schreiner, der bohrte immer ein bisschen schr\u00e4g.<\/strong><\/p>\n<p>&#8230;und VIEL MEHR soll an dieser Stelle auch nicht verraten werden.<\/p>\n<p>Aber noch soviel. Das ist der Beginn einer Geschichte von Daniel Wei\u00df, die vom Leben in der (religi\u00f6sen) Gemeinschaft erz\u00e4hlt.<\/p>\n<p>Ich bin ja daf\u00fcr, dass der Autor einen Beitrag dazu schreibt bzw. autorisiert, in dem die Geschichte des <em>schr\u00e4g bohrenden Schreiners<\/em> in all seinen Facetten ausgef\u00fchrt wird. Skizzen, Fotos, Praxisprotokolle, Urkunden und Holzbretter \u2013 Originale und Vermutungen \u2013 alles dabei&#8230;<\/p>\n","protected":false},"excerpt":{"rendered":"<p>Es gab einmal einen Schreiner, der bohrte immer ein bisschen schr\u00e4g. &#8230;und VIEL MEHR soll an dieser Stelle auch nicht verraten werden. Aber noch soviel. Das ist der Beginn einer Geschichte von Daniel Wei\u00df, die vom Leben in der (religi\u00f6sen) Gemeinschaft erz\u00e4hlt. Ich bin ja daf\u00fcr, dass der Autor einen Beitrag dazu schreibt bzw. autorisiert, [&hellip;]<\/p>\n","protected":false},"author":2,"featured_media":0,"comment_status":"closed","ping_status":"closed","sticky":false,"template":"","format":"standard","meta":{"footnotes":""},"categories":[7],"tags":[51,67,70,71,82,84,118,127,142,144,149,165,175,182,186,203],"class_list":["post-356","post","type-post","status-publish","format-standard","hentry","category-wort","tag-esoterik","tag-gemeinschaft","tag-geschichte","tag-gesellschaft","tag-handwerk","tag-holz","tag-methode","tag-personlichkeit","tag-religion","tag-ritual","tag-schreiner","tag-spiritualitat","tag-system","tag-technik","tag-tischler","tag-werkzeug"],"_links":{"self":[{"href":"https:\/\/heidesch.de\/blog\/index.php?rest_route=\/wp\/v2\/posts\/356","targetHints":{"allow":["GET"]}}],"collection":[{"href":"https:\/\/heidesch.de\/blog\/index.php?rest_route=\/wp\/v2\/posts"}],"about":[{"href":"https:\/\/heidesch.de\/blog\/index.php?rest_route=\/wp\/v2\/types\/post"}],"author":[{"embeddable":true,"href":"https:\/\/heidesch.de\/blog\/index.php?rest_route=\/wp\/v2\/users\/2"}],"replies":[{"embeddable":true,"href":"https:\/\/heidesch.de\/blog\/index.php?rest_route=%2Fwp%2Fv2%2Fcomments&post=356"}],"version-history":[{"count":5,"href":"https:\/\/heidesch.de\/blog\/index.php?rest_route=\/wp\/v2\/posts\/356\/revisions"}],"predecessor-version":[{"id":648,"href":"https:\/\/heidesch.de\/blog\/index.php?rest_route=\/wp\/v2\/posts\/356\/revisions\/648"}],"wp:attachment":[{"href":"https:\/\/heidesch.de\/blog\/index.php?rest_route=%2Fwp%2Fv2%2Fmedia&parent=356"}],"wp:term":[{"taxonomy":"category","embeddable":true,"href":"https:\/\/heidesch.de\/blog\/index.php?rest_route=%2Fwp%2Fv2%2Fcategories&post=356"},{"taxonomy":"post_tag","embeddable":true,"href":"https:\/\/heidesch.de\/blog\/index.php?rest_route=%2Fwp%2Fv2%2Ftags&post=356"}],"curies":[{"name":"wp","href":"https:\/\/api.w.org\/{rel}","templated":true}]}}