{"id":2868,"date":"2015-01-13T09:32:00","date_gmt":"2015-01-13T09:32:00","guid":{"rendered":"http:\/\/heidesch.de\/blog\/?p=2868"},"modified":"2015-08-24T19:47:03","modified_gmt":"2015-08-24T19:47:03","slug":"geschickt-gestickte-taschentuchmotive","status":"publish","type":"post","link":"https:\/\/heidesch.de\/blog\/?p=2868","title":{"rendered":"Taschentuch-Stickereien"},"content":{"rendered":"<p>Gestickte Motive f\u00fcr gemusterte und einfarbige Taschent\u00fccher:<\/p>\n<ul>\n<li><span style=\"color: #ed971e;\">Berliner Sehensw\u00fcrdigkeiten*<\/span><\/li>\n<li><span style=\"color: #ed971e;\">ein Mensch im Profil, der ein Tuch** aufhebt<\/span><\/li>\n<li><span style=\"color: #ed971e;\">ein Mensch, der zum Abschied mit einem Tuch** winkt<\/span><\/li>\n<li><span style=\"color: #ed971e;\">eine Hand, die eine Ecke des Taschentuches abzieht<\/span><\/li>\n<li><span style=\"color: #ed971e;\">ein tanzender Mensch mit Tuch, das zu einer Ecke weht<\/span><\/li>\n<li><span style=\"color: #ed971e;\">ein Selbstbildnis mit der Taschentuch-Borte als Bildrahmen<\/span><\/li>\n<li><span style=\"color: #ed971e;\">eine Visitenkarte<\/span><\/li>\n<\/ul>\n<p><em>* \u00e0 la Rotterdamer Scherenschnitt-Kalender<\/em><br \/>\nMotive aus FHain: Oberbaumbr\u00fccke, AGB, Anfang K.-M.-Allee; im Osten: Riesenrad im Pl\u00e4nterwald, Heizkraftwerk Klingenberg, <span class=\"Apple-style-span\">Eierh\u00e4uschen, Lokhalle am\u00a0<\/span>Betriebsbhf. Rummelsburg; A-Level: Fernsehturm, Brandenburger Tor, Goldene Else, Schwangere Auster, (Museumsinsel,) Reichstagskuppel, Mauer, ICC mit Turm, Ku&#8217;Damm; generell: Rath\u00e4user, Schwimm- und Turnhallen, Hundehaufen<br \/>\n<em>** Das Tuch hat dasselbe Muster wie das Bild-Taschentuch.<\/em><\/p>\n","protected":false},"excerpt":{"rendered":"<p>Gestickte Motive f\u00fcr gemusterte und einfarbige Taschent\u00fccher: Berliner Sehensw\u00fcrdigkeiten* ein Mensch im Profil, der ein Tuch** aufhebt ein Mensch, der zum Abschied mit einem Tuch** winkt eine Hand, die eine Ecke des Taschentuches abzieht ein tanzender Mensch mit Tuch, das zu einer Ecke weht ein Selbstbildnis mit der Taschentuch-Borte als Bildrahmen eine Visitenkarte * \u00e0 [&hellip;]<\/p>\n","protected":false},"author":2,"featured_media":0,"comment_status":"closed","ping_status":"closed","sticky":false,"template":"","format":"standard","meta":{"footnotes":""},"categories":[5],"tags":[1816,40,78,82,1836,1834,1833,530,1835],"class_list":["post-2868","post","type-post","status-publish","format-standard","hentry","category-bild","tag-bild-2","tag-comic","tag-graphik","tag-handwerk","tag-souvenir","tag-sticken","tag-stickerei","tag-stricken","tag-taschentuch"],"_links":{"self":[{"href":"https:\/\/heidesch.de\/blog\/index.php?rest_route=\/wp\/v2\/posts\/2868","targetHints":{"allow":["GET"]}}],"collection":[{"href":"https:\/\/heidesch.de\/blog\/index.php?rest_route=\/wp\/v2\/posts"}],"about":[{"href":"https:\/\/heidesch.de\/blog\/index.php?rest_route=\/wp\/v2\/types\/post"}],"author":[{"embeddable":true,"href":"https:\/\/heidesch.de\/blog\/index.php?rest_route=\/wp\/v2\/users\/2"}],"replies":[{"embeddable":true,"href":"https:\/\/heidesch.de\/blog\/index.php?rest_route=%2Fwp%2Fv2%2Fcomments&post=2868"}],"version-history":[{"count":12,"href":"https:\/\/heidesch.de\/blog\/index.php?rest_route=\/wp\/v2\/posts\/2868\/revisions"}],"predecessor-version":[{"id":4650,"href":"https:\/\/heidesch.de\/blog\/index.php?rest_route=\/wp\/v2\/posts\/2868\/revisions\/4650"}],"wp:attachment":[{"href":"https:\/\/heidesch.de\/blog\/index.php?rest_route=%2Fwp%2Fv2%2Fmedia&parent=2868"}],"wp:term":[{"taxonomy":"category","embeddable":true,"href":"https:\/\/heidesch.de\/blog\/index.php?rest_route=%2Fwp%2Fv2%2Fcategories&post=2868"},{"taxonomy":"post_tag","embeddable":true,"href":"https:\/\/heidesch.de\/blog\/index.php?rest_route=%2Fwp%2Fv2%2Ftags&post=2868"}],"curies":[{"name":"wp","href":"https:\/\/api.w.org\/{rel}","templated":true}]}}