{"id":2535,"date":"2013-10-15T21:08:56","date_gmt":"2013-10-15T21:08:56","guid":{"rendered":"http:\/\/heidesch.de\/blog\/?p=2535"},"modified":"2015-03-30T20:55:47","modified_gmt":"2015-03-30T20:55:47","slug":"sprachfantasie-in-der-politik","status":"publish","type":"post","link":"https:\/\/heidesch.de\/blog\/?p=2535","title":{"rendered":"Sprachfantasie in der Politik"},"content":{"rendered":"<p>Heute \u00fcberfordert <em>Herdpr\u00e4mie<\/em> auf spanisch zu erkl\u00e4ren.<\/p>\n","protected":false},"excerpt":{"rendered":"<p>Heute \u00fcberfordert Herdpr\u00e4mie auf spanisch zu erkl\u00e4ren.<\/p>\n","protected":false},"author":2,"featured_media":0,"comment_status":"closed","ping_status":"closed","sticky":false,"template":"","format":"aside","meta":{"footnotes":""},"categories":[8],"tags":[1581,61,1580,131,160],"class_list":["post-2535","post","type-post","status-publish","format-aside","hentry","category-im-affekt","tag-fantasie","tag-fremdsprache","tag-herdpramie","tag-politik","tag-spass","post_format-post-format-aside"],"_links":{"self":[{"href":"https:\/\/heidesch.de\/blog\/index.php?rest_route=\/wp\/v2\/posts\/2535","targetHints":{"allow":["GET"]}}],"collection":[{"href":"https:\/\/heidesch.de\/blog\/index.php?rest_route=\/wp\/v2\/posts"}],"about":[{"href":"https:\/\/heidesch.de\/blog\/index.php?rest_route=\/wp\/v2\/types\/post"}],"author":[{"embeddable":true,"href":"https:\/\/heidesch.de\/blog\/index.php?rest_route=\/wp\/v2\/users\/2"}],"replies":[{"embeddable":true,"href":"https:\/\/heidesch.de\/blog\/index.php?rest_route=%2Fwp%2Fv2%2Fcomments&post=2535"}],"version-history":[{"count":1,"href":"https:\/\/heidesch.de\/blog\/index.php?rest_route=\/wp\/v2\/posts\/2535\/revisions"}],"predecessor-version":[{"id":2536,"href":"https:\/\/heidesch.de\/blog\/index.php?rest_route=\/wp\/v2\/posts\/2535\/revisions\/2536"}],"wp:attachment":[{"href":"https:\/\/heidesch.de\/blog\/index.php?rest_route=%2Fwp%2Fv2%2Fmedia&parent=2535"}],"wp:term":[{"taxonomy":"category","embeddable":true,"href":"https:\/\/heidesch.de\/blog\/index.php?rest_route=%2Fwp%2Fv2%2Fcategories&post=2535"},{"taxonomy":"post_tag","embeddable":true,"href":"https:\/\/heidesch.de\/blog\/index.php?rest_route=%2Fwp%2Fv2%2Ftags&post=2535"}],"curies":[{"name":"wp","href":"https:\/\/api.w.org\/{rel}","templated":true}]}}