{"id":2522,"date":"2013-09-30T22:25:25","date_gmt":"2013-09-30T22:25:25","guid":{"rendered":"http:\/\/heidesch.de\/blog\/?p=2522"},"modified":"2015-03-30T20:55:51","modified_gmt":"2015-03-30T20:55:51","slug":"ein-tag-in-sevilla","status":"publish","type":"post","link":"https:\/\/heidesch.de\/blog\/?p=2522","title":{"rendered":"Ein Tag in Sevilla"},"content":{"rendered":"<p>heute: Der erste Tag Sprachschule in <a title=\"wikipedia Seville (engl.)\" href=\"http:\/\/es.wikipedia.org\/wiki\/Sevilla\" target=\"_blank\">Sevilla<\/a>: Stadtf\u00fchrung, Lektionen, am Fluss lang zum Plaza de Espa\u00f1a, Biblioteca P\u00fablica Infanta Elena. Eine gute Entscheidung hierher zu kommen: 9 Uhr durch die Stadt ist immer noch T-Shirt Wetter und die Stadt ist picke packe lebendig. Abends die Unterkunft ger\u00e4uschpegelm\u00e4\u00dfig leider auch: ich werde mein Zimmerchen morgen oder \u00fcbermorgen wechseln. ****************<\/p>\n<p>today: The first day at the language school in Seville: guided tour, some lessons, a walk along the river Tigre to La Plaza Espa\u00f1ol, visiting a nice library. It has been a good decision to come to Seville. Walking at 9 p.m. means enjoying a weather where you do not need to wear \u2026fur &#8211; which is actually a thing I could do once. The city is nicely crowded in the evening. just un poco in pain bcs: my accommodation feels crowded as well. I will try to change apartments tomorrow. ******************<\/p>\n<p>I like the dimension of Seville: It is a city which can hardly be discovered via hiking. I was not able &#8211; as a finisher of the Alp transit &#8211; to cope with the <em>ciudad antigua<\/em> in one day. I love to discover more the next days!<\/p>\n","protected":false},"excerpt":{"rendered":"<p>heute: Der erste Tag Sprachschule in Sevilla: Stadtf\u00fchrung, Lektionen, am Fluss lang zum Plaza de Espa\u00f1a, Biblioteca P\u00fablica Infanta Elena. Eine gute Entscheidung hierher zu kommen: 9 Uhr durch die Stadt ist immer noch T-Shirt Wetter und die Stadt ist picke packe lebendig. Abends die Unterkunft ger\u00e4uschpegelm\u00e4\u00dfig leider auch: ich werde mein Zimmerchen morgen oder [&hellip;]<\/p>\n","protected":false},"author":2,"featured_media":0,"comment_status":"closed","ping_status":"closed","sticky":false,"template":"","format":"standard","meta":{"footnotes":""},"categories":[2],"tags":[1436,1844,61,242,159,1247,1572],"class_list":["post-2522","post","type-post","status-publish","format-standard","hentry","category-reise","tag-don-quijote","tag-fell","tag-fremdsprache","tag-sevilla","tag-spanien","tag-spanisch","tag-tapas"],"_links":{"self":[{"href":"https:\/\/heidesch.de\/blog\/index.php?rest_route=\/wp\/v2\/posts\/2522","targetHints":{"allow":["GET"]}}],"collection":[{"href":"https:\/\/heidesch.de\/blog\/index.php?rest_route=\/wp\/v2\/posts"}],"about":[{"href":"https:\/\/heidesch.de\/blog\/index.php?rest_route=\/wp\/v2\/types\/post"}],"author":[{"embeddable":true,"href":"https:\/\/heidesch.de\/blog\/index.php?rest_route=\/wp\/v2\/users\/2"}],"replies":[{"embeddable":true,"href":"https:\/\/heidesch.de\/blog\/index.php?rest_route=%2Fwp%2Fv2%2Fcomments&post=2522"}],"version-history":[{"count":2,"href":"https:\/\/heidesch.de\/blog\/index.php?rest_route=\/wp\/v2\/posts\/2522\/revisions"}],"predecessor-version":[{"id":2525,"href":"https:\/\/heidesch.de\/blog\/index.php?rest_route=\/wp\/v2\/posts\/2522\/revisions\/2525"}],"wp:attachment":[{"href":"https:\/\/heidesch.de\/blog\/index.php?rest_route=%2Fwp%2Fv2%2Fmedia&parent=2522"}],"wp:term":[{"taxonomy":"category","embeddable":true,"href":"https:\/\/heidesch.de\/blog\/index.php?rest_route=%2Fwp%2Fv2%2Fcategories&post=2522"},{"taxonomy":"post_tag","embeddable":true,"href":"https:\/\/heidesch.de\/blog\/index.php?rest_route=%2Fwp%2Fv2%2Ftags&post=2522"}],"curies":[{"name":"wp","href":"https:\/\/api.w.org\/{rel}","templated":true}]}}