{"id":2509,"date":"2013-09-15T18:18:08","date_gmt":"2013-09-15T18:18:08","guid":{"rendered":"http:\/\/heidesch.de\/blog\/?p=2509"},"modified":"2015-03-30T20:56:33","modified_gmt":"2015-03-30T20:56:33","slug":"fotografie-candida-hofer","status":"publish","type":"post","link":"https:\/\/heidesch.de\/blog\/?p=2509","title":{"rendered":"Fotografie &#8211; Candida H\u00f6fer"},"content":{"rendered":"<p>Dunno, ob die Ausstellung im <a title=\"Stiftung Museum Kunstpalast D\u00fcsseldorf\" href=\"http:\/\/www.smkp.de\/\" target=\"_blank\">Museum Kunstpalast D\u00fcsseldorf<\/a> gut ist, aber die Arbeiten der Fotografin <a title=\"wikipedia Candida H\u00f6fer\" href=\"http:\/\/de.wikipedia.org\/wiki\/Candida_H%C3%B6fer\" target=\"_blank\">Candida H\u00f6fer<\/a> mag ich sehr. Serien zu Bibliotheken und H\u00f6rs\u00e4len, sweedo!<\/p>\n","protected":false},"excerpt":{"rendered":"<p>Dunno, ob die Ausstellung im Museum Kunstpalast D\u00fcsseldorf gut ist, aber die Arbeiten der Fotografin Candida H\u00f6fer mag ich sehr. Serien zu Bibliotheken und H\u00f6rs\u00e4len, sweedo!<\/p>\n","protected":false},"author":2,"featured_media":0,"comment_status":"closed","ping_status":"closed","sticky":false,"template":"","format":"standard","meta":{"footnotes":""},"categories":[4],"tags":[1561,1560,1105,1562,105,964],"class_list":["post-2509","post","type-post","status-publish","format-standard","hentry","category-tipp","tag-bibliothek","tag-candida-hofer","tag-fotografie","tag-horsaal","tag-kunst","tag-stille"],"_links":{"self":[{"href":"https:\/\/heidesch.de\/blog\/index.php?rest_route=\/wp\/v2\/posts\/2509","targetHints":{"allow":["GET"]}}],"collection":[{"href":"https:\/\/heidesch.de\/blog\/index.php?rest_route=\/wp\/v2\/posts"}],"about":[{"href":"https:\/\/heidesch.de\/blog\/index.php?rest_route=\/wp\/v2\/types\/post"}],"author":[{"embeddable":true,"href":"https:\/\/heidesch.de\/blog\/index.php?rest_route=\/wp\/v2\/users\/2"}],"replies":[{"embeddable":true,"href":"https:\/\/heidesch.de\/blog\/index.php?rest_route=%2Fwp%2Fv2%2Fcomments&post=2509"}],"version-history":[{"count":1,"href":"https:\/\/heidesch.de\/blog\/index.php?rest_route=\/wp\/v2\/posts\/2509\/revisions"}],"predecessor-version":[{"id":2510,"href":"https:\/\/heidesch.de\/blog\/index.php?rest_route=\/wp\/v2\/posts\/2509\/revisions\/2510"}],"wp:attachment":[{"href":"https:\/\/heidesch.de\/blog\/index.php?rest_route=%2Fwp%2Fv2%2Fmedia&parent=2509"}],"wp:term":[{"taxonomy":"category","embeddable":true,"href":"https:\/\/heidesch.de\/blog\/index.php?rest_route=%2Fwp%2Fv2%2Fcategories&post=2509"},{"taxonomy":"post_tag","embeddable":true,"href":"https:\/\/heidesch.de\/blog\/index.php?rest_route=%2Fwp%2Fv2%2Ftags&post=2509"}],"curies":[{"name":"wp","href":"https:\/\/api.w.org\/{rel}","templated":true}]}}