{"id":2362,"date":"2012-09-21T11:16:10","date_gmt":"2012-09-21T11:16:10","guid":{"rendered":"http:\/\/heidesch.de\/blog\/?p=2362"},"modified":"2015-03-30T20:58:18","modified_gmt":"2015-03-30T20:58:18","slug":"redundanz-im-kapazitatsmanagement","status":"publish","type":"post","link":"https:\/\/heidesch.de\/blog\/?p=2362","title":{"rendered":"Redundanz im Kapazit\u00e4tsmanagement"},"content":{"rendered":"<p>Es liegt vermutlich nicht an mir, dass ich diesen Schm\u00f6ker \u00fcber die <em>IT Infrastructure Library<\/em> (ITIL) schwer zu lesen finde: <strong><em>Das Capacity Management ist zentraler Anlaufpunkt f\u00fcr alle Aspekte im Kapazit\u00e4tsmanagement.<br \/>\n<\/em><\/strong><\/p>\n","protected":false},"excerpt":{"rendered":"<p>Es liegt vermutlich nicht an mir, dass ich diesen Schm\u00f6ker \u00fcber die IT Infrastructure Library (ITIL) schwer zu lesen finde: Das Capacity Management ist zentraler Anlaufpunkt f\u00fcr alle Aspekte im Kapazit\u00e4tsmanagement.<\/p>\n","protected":false},"author":2,"featured_media":0,"comment_status":"closed","ping_status":"closed","sticky":false,"template":"","format":"aside","meta":{"footnotes":""},"categories":[8],"tags":[495,235,1353,1354,1279,1355,168,681],"class_list":["post-2362","post","type-post","status-publish","format-aside","hentry","category-im-affekt","tag-ausdruck","tag-it","tag-itil","tag-kapazitat","tag-management","tag-redundanz","tag-sprache","tag-stil","post_format-post-format-aside"],"_links":{"self":[{"href":"https:\/\/heidesch.de\/blog\/index.php?rest_route=\/wp\/v2\/posts\/2362","targetHints":{"allow":["GET"]}}],"collection":[{"href":"https:\/\/heidesch.de\/blog\/index.php?rest_route=\/wp\/v2\/posts"}],"about":[{"href":"https:\/\/heidesch.de\/blog\/index.php?rest_route=\/wp\/v2\/types\/post"}],"author":[{"embeddable":true,"href":"https:\/\/heidesch.de\/blog\/index.php?rest_route=\/wp\/v2\/users\/2"}],"replies":[{"embeddable":true,"href":"https:\/\/heidesch.de\/blog\/index.php?rest_route=%2Fwp%2Fv2%2Fcomments&post=2362"}],"version-history":[{"count":1,"href":"https:\/\/heidesch.de\/blog\/index.php?rest_route=\/wp\/v2\/posts\/2362\/revisions"}],"predecessor-version":[{"id":2363,"href":"https:\/\/heidesch.de\/blog\/index.php?rest_route=\/wp\/v2\/posts\/2362\/revisions\/2363"}],"wp:attachment":[{"href":"https:\/\/heidesch.de\/blog\/index.php?rest_route=%2Fwp%2Fv2%2Fmedia&parent=2362"}],"wp:term":[{"taxonomy":"category","embeddable":true,"href":"https:\/\/heidesch.de\/blog\/index.php?rest_route=%2Fwp%2Fv2%2Fcategories&post=2362"},{"taxonomy":"post_tag","embeddable":true,"href":"https:\/\/heidesch.de\/blog\/index.php?rest_route=%2Fwp%2Fv2%2Ftags&post=2362"}],"curies":[{"name":"wp","href":"https:\/\/api.w.org\/{rel}","templated":true}]}}