{"id":2264,"date":"2012-04-28T23:03:03","date_gmt":"2012-04-28T23:03:03","guid":{"rendered":"http:\/\/heidesch.de\/blog\/?p=2264"},"modified":"2015-03-30T20:59:17","modified_gmt":"2015-03-30T20:59:17","slug":"werder-baumblutenfest","status":"publish","type":"post","link":"https:\/\/heidesch.de\/blog\/?p=2264","title":{"rendered":"Werder &#8211; Baumbl\u00fctenfest"},"content":{"rendered":"<p>Das meistbesuchte Fest im Osten Deutschlands ist das <a title=\"Werder (Havel) Das Baumbl\u00fctenfest\" href=\"http:\/\/www.werder-havel.de\/content\/baumbluete\/baumbluetenfest_willkommen.php\" target=\"_blank\">Baumbl\u00fctenfest in Werder<\/a>. Laut Fritz-Radio besuchen es j\u00e4hrlich ca. 500.000 G\u00e4ste.<em> Bl\u00fchende Landschaften.<\/em><\/p>\n","protected":false},"excerpt":{"rendered":"<p>Das meistbesuchte Fest im Osten Deutschlands ist das Baumbl\u00fctenfest in Werder. Laut Fritz-Radio besuchen es j\u00e4hrlich ca. 500.000 G\u00e4ste. Bl\u00fchende Landschaften.<\/p>\n","protected":false},"author":2,"featured_media":0,"comment_status":"closed","ping_status":"closed","sticky":false,"template":"","format":"standard","meta":{"footnotes":""},"categories":[2],"tags":[656,457,1170,467,456,1171,817,983,391],"class_list":["post-2264","post","type-post","status-publish","format-standard","hentry","category-reise","tag-apfel","tag-ausflug","tag-baumblutenfest","tag-brandenburg","tag-fahrrad","tag-fest","tag-fruhling","tag-havel","tag-werder"],"_links":{"self":[{"href":"https:\/\/heidesch.de\/blog\/index.php?rest_route=\/wp\/v2\/posts\/2264","targetHints":{"allow":["GET"]}}],"collection":[{"href":"https:\/\/heidesch.de\/blog\/index.php?rest_route=\/wp\/v2\/posts"}],"about":[{"href":"https:\/\/heidesch.de\/blog\/index.php?rest_route=\/wp\/v2\/types\/post"}],"author":[{"embeddable":true,"href":"https:\/\/heidesch.de\/blog\/index.php?rest_route=\/wp\/v2\/users\/2"}],"replies":[{"embeddable":true,"href":"https:\/\/heidesch.de\/blog\/index.php?rest_route=%2Fwp%2Fv2%2Fcomments&post=2264"}],"version-history":[{"count":1,"href":"https:\/\/heidesch.de\/blog\/index.php?rest_route=\/wp\/v2\/posts\/2264\/revisions"}],"predecessor-version":[{"id":2265,"href":"https:\/\/heidesch.de\/blog\/index.php?rest_route=\/wp\/v2\/posts\/2264\/revisions\/2265"}],"wp:attachment":[{"href":"https:\/\/heidesch.de\/blog\/index.php?rest_route=%2Fwp%2Fv2%2Fmedia&parent=2264"}],"wp:term":[{"taxonomy":"category","embeddable":true,"href":"https:\/\/heidesch.de\/blog\/index.php?rest_route=%2Fwp%2Fv2%2Fcategories&post=2264"},{"taxonomy":"post_tag","embeddable":true,"href":"https:\/\/heidesch.de\/blog\/index.php?rest_route=%2Fwp%2Fv2%2Ftags&post=2264"}],"curies":[{"name":"wp","href":"https:\/\/api.w.org\/{rel}","templated":true}]}}