{"id":2219,"date":"2012-03-16T10:15:14","date_gmt":"2012-03-16T10:15:14","guid":{"rendered":"http:\/\/heidesch.de\/blog\/?p=2219"},"modified":"2015-03-30T21:00:03","modified_gmt":"2015-03-30T21:00:03","slug":"fotografie-anna-und-bernhard-blume","status":"publish","type":"post","link":"https:\/\/heidesch.de\/blog\/?p=2219","title":{"rendered":"Fotografie &#8211; Anna und Bernhard Blume"},"content":{"rendered":"<p>Gerne gesehen Fotoserien von Anna und Bernhard Blume. Zum Beispiel <em><a title=\"Anna und Bernhard Blume - K\u00fcchenkoller\" href=\"http:\/\/www.vfn-stiftung.org\/de\/collection\/anna_bernhard_blume\/anna_bernhard_blume.php\" target=\"_blank\">K\u00fcchenkoller<\/a><\/em>, <em>Mahlzeit<\/em> oder<em> Im Wald. &#8230;Die reine Vernunft ist als reine Vernunft ungenie\u00dfbar&#8230; <\/em>Hier einpaar Eindr\u00fccke bei <a title=\"Artnet Anna und Bernhard Blume\" href=\"http:\/\/www.artnet.de\/k%C3%BCnstler\/anna-and-bernhard-blume\/\" target=\"_blank\">Artnet<\/a>, <a title=\"wikipedia Anna und Bernhard Blume\" href=\"http:\/\/de.wikipedia.org\/wiki\/Anna_und_Bernhard_Blume\" target=\"_blank\">Wikipedia<\/a> und <a title=\"Facebook Anna und Bernhard Blume\" href=\"https:\/\/de-de.facebook.com\/pages\/Anna-and-Bernhard-Blume\/141297005684\" target=\"_blank\">Facebook<\/a>.<\/p>\n","protected":false},"excerpt":{"rendered":"<p>Gerne gesehen Fotoserien von Anna und Bernhard Blume. Zum Beispiel K\u00fcchenkoller, Mahlzeit oder Im Wald. &#8230;Die reine Vernunft ist als reine Vernunft ungenie\u00dfbar&#8230; Hier einpaar Eindr\u00fccke bei Artnet, Wikipedia und Facebook.<\/p>\n","protected":false},"author":2,"featured_media":0,"comment_status":"closed","ping_status":"closed","sticky":false,"template":"","format":"standard","meta":{"footnotes":""},"categories":[4],"tags":[1106,1103,1104,1105,1107,105],"class_list":["post-2219","post","type-post","status-publish","format-standard","hentry","category-tipp","tag-abstraktion","tag-anna-blume","tag-bernhard-blume","tag-fotografie","tag-kleinkariert","tag-kunst"],"_links":{"self":[{"href":"https:\/\/heidesch.de\/blog\/index.php?rest_route=\/wp\/v2\/posts\/2219","targetHints":{"allow":["GET"]}}],"collection":[{"href":"https:\/\/heidesch.de\/blog\/index.php?rest_route=\/wp\/v2\/posts"}],"about":[{"href":"https:\/\/heidesch.de\/blog\/index.php?rest_route=\/wp\/v2\/types\/post"}],"author":[{"embeddable":true,"href":"https:\/\/heidesch.de\/blog\/index.php?rest_route=\/wp\/v2\/users\/2"}],"replies":[{"embeddable":true,"href":"https:\/\/heidesch.de\/blog\/index.php?rest_route=%2Fwp%2Fv2%2Fcomments&post=2219"}],"version-history":[{"count":3,"href":"https:\/\/heidesch.de\/blog\/index.php?rest_route=\/wp\/v2\/posts\/2219\/revisions"}],"predecessor-version":[{"id":2224,"href":"https:\/\/heidesch.de\/blog\/index.php?rest_route=\/wp\/v2\/posts\/2219\/revisions\/2224"}],"wp:attachment":[{"href":"https:\/\/heidesch.de\/blog\/index.php?rest_route=%2Fwp%2Fv2%2Fmedia&parent=2219"}],"wp:term":[{"taxonomy":"category","embeddable":true,"href":"https:\/\/heidesch.de\/blog\/index.php?rest_route=%2Fwp%2Fv2%2Fcategories&post=2219"},{"taxonomy":"post_tag","embeddable":true,"href":"https:\/\/heidesch.de\/blog\/index.php?rest_route=%2Fwp%2Fv2%2Ftags&post=2219"}],"curies":[{"name":"wp","href":"https:\/\/api.w.org\/{rel}","templated":true}]}}