{"id":2155,"date":"2011-11-29T09:12:43","date_gmt":"2011-11-29T09:12:43","guid":{"rendered":"http:\/\/heidesch.de\/blog\/?p=2155"},"modified":"2015-03-30T21:00:31","modified_gmt":"2015-03-30T21:00:31","slug":"gutartige-interpretation","status":"publish","type":"post","link":"https:\/\/heidesch.de\/blog\/?p=2155","title":{"rendered":"Gutartige Interpretation"},"content":{"rendered":"<p>Ich f\u00fchlte mich heute beim Fr\u00fchst\u00fcck im Hotel wie in einem <strong>Luftkurort<\/strong>. Es waren viele Leute mit <strong>Atemwegserkrankungen<\/strong> im Raum.<\/p>\n","protected":false},"excerpt":{"rendered":"<p>Ich f\u00fchlte mich heute beim Fr\u00fchst\u00fcck im Hotel wie in einem Luftkurort. Es waren viele Leute mit Atemwegserkrankungen im Raum.<\/p>\n","protected":false},"author":2,"featured_media":0,"comment_status":"closed","ping_status":"closed","sticky":false,"template":"","format":"aside","meta":{"footnotes":""},"categories":[8],"tags":[1007,1006,1008,1009],"class_list":["post-2155","post","type-post","status-publish","format-aside","hentry","category-im-affekt","tag-dienstreise","tag-fruhstuck","tag-hotel","tag-kur","post_format-post-format-aside"],"_links":{"self":[{"href":"https:\/\/heidesch.de\/blog\/index.php?rest_route=\/wp\/v2\/posts\/2155","targetHints":{"allow":["GET"]}}],"collection":[{"href":"https:\/\/heidesch.de\/blog\/index.php?rest_route=\/wp\/v2\/posts"}],"about":[{"href":"https:\/\/heidesch.de\/blog\/index.php?rest_route=\/wp\/v2\/types\/post"}],"author":[{"embeddable":true,"href":"https:\/\/heidesch.de\/blog\/index.php?rest_route=\/wp\/v2\/users\/2"}],"replies":[{"embeddable":true,"href":"https:\/\/heidesch.de\/blog\/index.php?rest_route=%2Fwp%2Fv2%2Fcomments&post=2155"}],"version-history":[{"count":1,"href":"https:\/\/heidesch.de\/blog\/index.php?rest_route=\/wp\/v2\/posts\/2155\/revisions"}],"predecessor-version":[{"id":2156,"href":"https:\/\/heidesch.de\/blog\/index.php?rest_route=\/wp\/v2\/posts\/2155\/revisions\/2156"}],"wp:attachment":[{"href":"https:\/\/heidesch.de\/blog\/index.php?rest_route=%2Fwp%2Fv2%2Fmedia&parent=2155"}],"wp:term":[{"taxonomy":"category","embeddable":true,"href":"https:\/\/heidesch.de\/blog\/index.php?rest_route=%2Fwp%2Fv2%2Fcategories&post=2155"},{"taxonomy":"post_tag","embeddable":true,"href":"https:\/\/heidesch.de\/blog\/index.php?rest_route=%2Fwp%2Fv2%2Ftags&post=2155"}],"curies":[{"name":"wp","href":"https:\/\/api.w.org\/{rel}","templated":true}]}}