{"id":2147,"date":"2011-11-23T07:58:47","date_gmt":"2011-11-23T07:58:47","guid":{"rendered":"http:\/\/heidesch.de\/blog\/?p=2147"},"modified":"2015-03-30T21:00:32","modified_gmt":"2015-03-30T21:00:32","slug":"die-adiposen-antilopen","status":"publish","type":"post","link":"https:\/\/heidesch.de\/blog\/?p=2147","title":{"rendered":"Die adip\u00f6sen Antilopen"},"content":{"rendered":"<div class=\"comment\">Mir fiel gestern beim Laufen am Main dieser sch\u00f6ne Name f\u00fcr eine Laufgruppe ein. <em>Die adip\u00f6sen Antilopen<\/em><\/div>\n","protected":false},"excerpt":{"rendered":"<p>Mir fiel gestern beim Laufen am Main dieser sch\u00f6ne Name f\u00fcr eine Laufgruppe ein. Die adip\u00f6sen Antilopen<\/p>\n","protected":false},"author":2,"featured_media":0,"comment_status":"closed","ping_status":"closed","sticky":false,"template":"","format":"aside","meta":{"footnotes":""},"categories":[8],"tags":[994,996,995,108,537],"class_list":["post-2147","post","type-post","status-publish","format-aside","hentry","category-im-affekt","tag-antilope","tag-frankfurt","tag-gruppe","tag-laufen","tag-name","post_format-post-format-aside"],"_links":{"self":[{"href":"https:\/\/heidesch.de\/blog\/index.php?rest_route=\/wp\/v2\/posts\/2147","targetHints":{"allow":["GET"]}}],"collection":[{"href":"https:\/\/heidesch.de\/blog\/index.php?rest_route=\/wp\/v2\/posts"}],"about":[{"href":"https:\/\/heidesch.de\/blog\/index.php?rest_route=\/wp\/v2\/types\/post"}],"author":[{"embeddable":true,"href":"https:\/\/heidesch.de\/blog\/index.php?rest_route=\/wp\/v2\/users\/2"}],"replies":[{"embeddable":true,"href":"https:\/\/heidesch.de\/blog\/index.php?rest_route=%2Fwp%2Fv2%2Fcomments&post=2147"}],"version-history":[{"count":1,"href":"https:\/\/heidesch.de\/blog\/index.php?rest_route=\/wp\/v2\/posts\/2147\/revisions"}],"predecessor-version":[{"id":2148,"href":"https:\/\/heidesch.de\/blog\/index.php?rest_route=\/wp\/v2\/posts\/2147\/revisions\/2148"}],"wp:attachment":[{"href":"https:\/\/heidesch.de\/blog\/index.php?rest_route=%2Fwp%2Fv2%2Fmedia&parent=2147"}],"wp:term":[{"taxonomy":"category","embeddable":true,"href":"https:\/\/heidesch.de\/blog\/index.php?rest_route=%2Fwp%2Fv2%2Fcategories&post=2147"},{"taxonomy":"post_tag","embeddable":true,"href":"https:\/\/heidesch.de\/blog\/index.php?rest_route=%2Fwp%2Fv2%2Ftags&post=2147"}],"curies":[{"name":"wp","href":"https:\/\/api.w.org\/{rel}","templated":true}]}}