{"id":1738,"date":"2014-10-23T08:08:33","date_gmt":"2014-10-23T08:08:33","guid":{"rendered":"http:\/\/heidesch.de\/blog\/?p=1738"},"modified":"2015-08-25T07:07:25","modified_gmt":"2015-08-25T07:07:25","slug":"irmgard-keun-das-kunstseidene-madchen","status":"publish","type":"post","link":"https:\/\/heidesch.de\/blog\/?p=1738","title":{"rendered":"Irmgard Keun. Das kunstseidene M\u00e4dchen"},"content":{"rendered":"<p>Zwei Tage schon freute ich mich auf den Nachmittag. Da tauchten die Gedanken ab in das Berlin nach den goldenen 20ern<em>. Das kunstseidene M\u00e4dchen<\/em> berichtet sein Leben und das in der Sprache der damaligen Zeit! Der Text: dufte. Die Zeiten: schwer.<\/p>\n<p>Personen, Orte und Stimmungen steigen schnell in Bildern im Kopf auf. So wie der Federwei\u00dfer, den es gestern dazu gab. Meine Empfehlung f\u00fcr dieses &#8230;\u00f6hm&#8230; Zeitzeugnis! Auch ohne Federwei\u00dfer.<\/p>\n","protected":false},"excerpt":{"rendered":"<p>Zwei Tage schon freute ich mich auf den Nachmittag. Da tauchten die Gedanken ab in das Berlin nach den goldenen 20ern. Das kunstseidene M\u00e4dchen berichtet sein Leben und das in der Sprache der damaligen Zeit! Der Text: dufte. Die Zeiten: schwer. Personen, Orte und Stimmungen steigen schnell in Bildern im Kopf auf. So wie der [&hellip;]<\/p>\n","protected":false},"author":2,"featured_media":0,"comment_status":"closed","ping_status":"closed","sticky":false,"template":"","format":"standard","meta":{"footnotes":""},"categories":[4],"tags":[698,31,701,696,697,112,699,620,700],"class_list":["post-1738","post","type-post","status-publish","format-standard","hentry","category-tipp","tag-20er-jahre","tag-berlin","tag-glanz","tag-irmgard-keun","tag-keun","tag-literatur","tag-madchen","tag-molle","tag-neue-sachlichkeit"],"_links":{"self":[{"href":"https:\/\/heidesch.de\/blog\/index.php?rest_route=\/wp\/v2\/posts\/1738","targetHints":{"allow":["GET"]}}],"collection":[{"href":"https:\/\/heidesch.de\/blog\/index.php?rest_route=\/wp\/v2\/posts"}],"about":[{"href":"https:\/\/heidesch.de\/blog\/index.php?rest_route=\/wp\/v2\/types\/post"}],"author":[{"embeddable":true,"href":"https:\/\/heidesch.de\/blog\/index.php?rest_route=\/wp\/v2\/users\/2"}],"replies":[{"embeddable":true,"href":"https:\/\/heidesch.de\/blog\/index.php?rest_route=%2Fwp%2Fv2%2Fcomments&post=1738"}],"version-history":[{"count":3,"href":"https:\/\/heidesch.de\/blog\/index.php?rest_route=\/wp\/v2\/posts\/1738\/revisions"}],"predecessor-version":[{"id":4657,"href":"https:\/\/heidesch.de\/blog\/index.php?rest_route=\/wp\/v2\/posts\/1738\/revisions\/4657"}],"wp:attachment":[{"href":"https:\/\/heidesch.de\/blog\/index.php?rest_route=%2Fwp%2Fv2%2Fmedia&parent=1738"}],"wp:term":[{"taxonomy":"category","embeddable":true,"href":"https:\/\/heidesch.de\/blog\/index.php?rest_route=%2Fwp%2Fv2%2Fcategories&post=1738"},{"taxonomy":"post_tag","embeddable":true,"href":"https:\/\/heidesch.de\/blog\/index.php?rest_route=%2Fwp%2Fv2%2Ftags&post=1738"}],"curies":[{"name":"wp","href":"https:\/\/api.w.org\/{rel}","templated":true}]}}