{"id":1347,"date":"2014-05-01T11:23:07","date_gmt":"2014-05-01T11:23:07","guid":{"rendered":"http:\/\/heidesch.de\/blog\/?p=1347"},"modified":"2015-03-30T20:52:37","modified_gmt":"2015-03-30T20:52:37","slug":"das-prickeln-der-geschichte","status":"publish","type":"post","link":"https:\/\/heidesch.de\/blog\/?p=1347","title":{"rendered":"Das Prickeln der Geschichte"},"content":{"rendered":"<p>Oder <strong>der Br\u00fcckenkopf ins Nachbarland<\/strong>. Projekt- und Funktionsbezeichnungen k\u00f6nnen mitunter aus der Art fallen. Z. Z. arbeite ich in einem Projektteam, das den Br\u00fcckenkopf nach Polen\u00a0darstellt. &#8230; Ich gehe nat\u00fcrlich sehr sensible und\u00a0geschichtsbewu\u00dft\u00a0mit diesem Thema um und merke, dass <em>das staubtrockene Image<\/em> der Disziplin Geschichte sprachlich schnell auf ein <em>wohlig-prickelndes Niveau<\/em> gehoben werden kann.<\/p>\n","protected":false},"excerpt":{"rendered":"<p>Oder der Br\u00fcckenkopf ins Nachbarland. Projekt- und Funktionsbezeichnungen k\u00f6nnen mitunter aus der Art fallen. Z. Z. arbeite ich in einem Projektteam, das den Br\u00fcckenkopf nach Polen\u00a0darstellt. &#8230; Ich gehe nat\u00fcrlich sehr sensible und\u00a0geschichtsbewu\u00dft\u00a0mit diesem Thema um und merke, dass das staubtrockene Image der Disziplin Geschichte sprachlich schnell auf ein wohlig-prickelndes Niveau gehoben werden kann.<\/p>\n","protected":false},"author":2,"featured_media":0,"comment_status":"closed","ping_status":"closed","sticky":false,"template":"","format":"aside","meta":{"footnotes":""},"categories":[8],"tags":[26,544,45,63,546,70,1947,89,542,541,387,545,547,168,543],"class_list":["post-1347","post","type-post","status-publish","format-aside","hentry","category-im-affekt","tag-bedeutung","tag-bruckenkopf","tag-deutschland","tag-freundschaft","tag-geflugelte-worte","tag-geschichte","tag-post-format-image","tag-international","tag-perlen","tag-polen","tag-projekt","tag-schlagbaum","tag-sensibilitat","tag-sprache","tag-staubtrocken","post_format-post-format-aside"],"_links":{"self":[{"href":"https:\/\/heidesch.de\/blog\/index.php?rest_route=\/wp\/v2\/posts\/1347","targetHints":{"allow":["GET"]}}],"collection":[{"href":"https:\/\/heidesch.de\/blog\/index.php?rest_route=\/wp\/v2\/posts"}],"about":[{"href":"https:\/\/heidesch.de\/blog\/index.php?rest_route=\/wp\/v2\/types\/post"}],"author":[{"embeddable":true,"href":"https:\/\/heidesch.de\/blog\/index.php?rest_route=\/wp\/v2\/users\/2"}],"replies":[{"embeddable":true,"href":"https:\/\/heidesch.de\/blog\/index.php?rest_route=%2Fwp%2Fv2%2Fcomments&post=1347"}],"version-history":[{"count":2,"href":"https:\/\/heidesch.de\/blog\/index.php?rest_route=\/wp\/v2\/posts\/1347\/revisions"}],"predecessor-version":[{"id":1349,"href":"https:\/\/heidesch.de\/blog\/index.php?rest_route=\/wp\/v2\/posts\/1347\/revisions\/1349"}],"wp:attachment":[{"href":"https:\/\/heidesch.de\/blog\/index.php?rest_route=%2Fwp%2Fv2%2Fmedia&parent=1347"}],"wp:term":[{"taxonomy":"category","embeddable":true,"href":"https:\/\/heidesch.de\/blog\/index.php?rest_route=%2Fwp%2Fv2%2Fcategories&post=1347"},{"taxonomy":"post_tag","embeddable":true,"href":"https:\/\/heidesch.de\/blog\/index.php?rest_route=%2Fwp%2Fv2%2Ftags&post=1347"}],"curies":[{"name":"wp","href":"https:\/\/api.w.org\/{rel}","templated":true}]}}