{"id":6,"count":3,"description":"Am Blog-Kern geschm\u00f6kert: Hier sind Ideen f\u00fcr die Zukunft dokumentiert. Die Ausf\u00fchrung wird dann die K\u00fcr. \"Man m\u00fcsste mal ...\" kann hier \u00f6fter stehen. Das ist der vage Beginn, der vielleicht mal Konturen annimmt. Konzepte und Ziele im SMART look. Baby, I like that I like that I like that.","link":"https:\/\/heidesch.de\/blog\/?cat=6","name":"Vorhaben","slug":"top","taxonomy":"category","parent":0,"meta":[],"_links":{"self":[{"href":"https:\/\/heidesch.de\/blog\/index.php?rest_route=\/wp\/v2\/categories\/6","targetHints":{"allow":["GET"]}}],"collection":[{"href":"https:\/\/heidesch.de\/blog\/index.php?rest_route=\/wp\/v2\/categories"}],"about":[{"href":"https:\/\/heidesch.de\/blog\/index.php?rest_route=\/wp\/v2\/taxonomies\/category"}],"wp:post_type":[{"href":"https:\/\/heidesch.de\/blog\/index.php?rest_route=%2Fwp%2Fv2%2Fposts&categories=6"}],"curies":[{"name":"wp","href":"https:\/\/api.w.org\/{rel}","templated":true}]}}